{"id":9980,"date":"2014-01-19T12:07:56","date_gmt":"2014-01-19T11:07:56","guid":{"rendered":"http:\/\/www.mariaabrahamsson.nu\/?p=9980"},"modified":"2014-01-19T12:08:02","modified_gmt":"2014-01-19T11:08:02","slug":"kurvor-som-pekar-ratt-om-man-vill-se","status":"publish","type":"post","link":"https:\/\/www.mariaabrahamsson.nu\/index.php\/2014\/01\/19\/kurvor-som-pekar-ratt-om-man-vill-se\/","title":{"rendered":"Kurvor som pekar r\u00e4tt &#8211; om man vill se"},"content":{"rendered":"<p><strong>Fler k\u00e4nner sig trygga<\/strong>, arbetsl\u00f6sheten minskar, barnfamiljer har f\u00e5tt b\u00e4ttre ekonomi, kurvan \u00f6ver anm\u00e4lda brott viker ner\u00e5t, uppsagda tj\u00e4nstem\u00e4n f\u00e5r l\u00e4tt nya jobb och Aktiespararna noterar medlemstillv\u00e4xt, vilket antyder att fler har f\u00e5tt r\u00e5d att fundera p\u00e5 vad man ska g\u00f6ra med de pengar man inte beh\u00f6ver f\u00f6r stunden.<\/p>\n<p>Alltihop \u00e4r\u00a0glada nyheter fr\u00e5n f\u00f6rra veckan. Synd bara att inget fick det genomlag i nyhetsfloden som jag hade \u00f6nskat. D\u00e4rf\u00f6r kommer listan h\u00e4r i repris:<\/p>\n<p><strong>I m\u00e5ndags (13\/1)<\/strong> presenterades Brottsf\u00f6rebyggande r\u00e5dets\u00a0<a href=\"http:\/\/bra.se\/bra\/nytt-fran-bra\/arkiv\/press\/2014-01-13-tryggheten-okar-men-var-tionde-kvinna-undviker-att-ga-ut-ensam-pa-kvallen.html\">trygghetsunders\u00f6kning<\/a>. Tv\u00e4rtemot vad m\u00e5nga s\u00e4kert tror visar det sig att sedan 2006 har andelen otrygga m\u00e4nniskor i v\u00e5rt land minskat fr\u00e5n 21 procent till 15 procent. Men svenskt nyhetsfokus &#8211; ocks\u00e5 hos medier i allm\u00e4nhetens tj\u00e4nst &#8211; tog i st\u00e4llet mer fasta p\u00e5 den del av m\u00e4tningen som visar att en (1) av tio (10) kvinnor undviker att g\u00e5 ut ensam p\u00e5 kv\u00e4llen.<\/p>\n<p>I tisdags (14\/1) rapporterade Arbetsf\u00f6rmedlingen att arbetsl\u00f6sheten forts\u00e4tter minska. I relativa tal, l\u00e4ser jag p\u00e5 <a href=\"http:\/\/www.arbetsformedlingen.se\/Om-oss\/Pressrum\/Pressmeddelanden\/Pressmeddelandeartiklar\/Riket\/1-14-2014-Arbetslosheten-minskar.html#.Utp3CKXnNKN\">myndighetens hemsida,<\/a>\u00a0\u00e4r arbetsl\u00f6sheten 0,2 procentenheter l\u00e4gre i dag \u00e4n f\u00f6r ett \u00e5r sedan. I gruppen ungdomar 18-24 \u00e5r har arbetsl\u00f6sheten sjunkit med 1,2 procentenheter.<\/p>\n<p><strong>I torsdags (16\/1)<\/strong> var det Statiska centralbyr\u00e5ns tur att leverera. Sedan 1997 har &#8221;barnfattigdomen&#8221;, allts\u00e5 andelen barn i familjer som har sv\u00e5rt att f\u00e5 pengarna att r\u00e4cka till, minskat fr\u00e5n 18 procent till 8 procent. Genomsnittsbarnfamiljens hush\u00e5llsekonomi har st\u00e4rkts. Medierna lyfter d\u00e4remot g\u00e4rna fram att barn som v\u00e4xer upp med tv\u00e5 f\u00f6r\u00e4ldrarna som b\u00e5da jobbar har h\u00f6gre ekonomisk standard \u00e4n barn som lever med bara en f\u00f6r\u00e4lder, med eller utan jobb. Knappast n\u00e5gon st\u00f6rre journalistisk bedrift att &#8221;avsl\u00f6ja&#8221; en s\u00e5dan sj\u00e4lvklarhet.<\/p>\n<p>I fredags (17\/1) kom s\u00e5 Brottsf\u00f6rebyggande r\u00e5dets prelimin\u00e4ra statistik \u00f6ver anm\u00e4lda brott 2013. F\u00f6rra \u00e5ret gjordes 7 990 f\u00e4rre\u00a0brottsanm\u00e4lning j\u00e4mf\u00f6rt med 2012. Ingen dramatiskt nedg\u00e5ng men \u00e4nd\u00e5 ett positivt tecken s\u00e4rskilt med tanke p\u00e5 att Sveriges befolkning hela tiden v\u00e4xer.<\/p>\n<p><strong>P\u00e5 veckans sista arbetsdag<\/strong> (17\/1) utn\u00e4mnde\u00a0<a href=\"http:\/\/www.trr.se\">Trygghetsr\u00e5det <\/a>2013\u00a0till Rekord\u00e5r. Andelen\u00a0uppsagda tj\u00e4nstem\u00e4n som i fjol fick nytt jobb har aldrig varit s\u00e5 stor under r\u00e5dets 39-\u00e5riga historia. <a href=\"http:\/\/www.trr.se\/Om-TRR\/Kontaktpersoner\/Pressmeddelanden\/2013\/2013-ett-rekordar---88-procent-i-nytt-jobb\/\">88 procent<\/a>\u00a0(tv\u00e5 procentenheter fler \u00e4n 2012) kan gratulera sig till att ha f\u00e5 nytt jobb.<\/p>\n<p>Till sist. I veckan noterade allts\u00e5\u00a0<a href=\"http:\/\/www.aktiespararna.se\">Aktiespararna<\/a>\u00a0738 fler sm\u00e5sparare under 2013 och br\u00f6t d\u00e4rmed en n\u00e4ra 15-\u00e5rig trend av\u00a0stadigt krympande medlemsstock.<\/p>\n","protected":false},"excerpt":{"rendered":"<p>Fler k\u00e4nner sig trygga, arbetsl\u00f6sheten minskar, barnfamiljer har f\u00e5tt b\u00e4ttre ekonomi, kurvan \u00f6ver anm\u00e4lda brott viker ner\u00e5t, uppsagda tj\u00e4nstem\u00e4n f\u00e5r l\u00e4tt nya jobb och Aktiespararna noterar medlemstillv\u00e4xt, vilket antyder att fler har f\u00e5tt r\u00e5d att fundera p\u00e5 vad man ska g\u00f6ra med de pengar man inte beh\u00f6ver f\u00f6r stunden. Alltihop \u00e4r\u00a0glada nyheter fr\u00e5n f\u00f6rra veckan.&hellip;<\/p>\n<p class=\"more-link-p\"><a class=\"more-link\" href=\"https:\/\/www.mariaabrahamsson.nu\/index.php\/2014\/01\/19\/kurvor-som-pekar-ratt-om-man-vill-se\/\">Read more &rarr;<\/a><\/p>\n","protected":false},"author":2,"featured_media":0,"comment_status":"open","ping_status":"open","sticky":false,"template":"","format":"standard","meta":{"footnotes":""},"categories":[1],"tags":[],"class_list":["post-9980","post","type-post","status-publish","format-standard","hentry","category-uncategorized"],"_links":{"self":[{"href":"https:\/\/www.mariaabrahamsson.nu\/index.php\/wp-json\/wp\/v2\/posts\/9980","targetHints":{"allow":["GET"]}}],"collection":[{"href":"https:\/\/www.mariaabrahamsson.nu\/index.php\/wp-json\/wp\/v2\/posts"}],"about":[{"href":"https:\/\/www.mariaabrahamsson.nu\/index.php\/wp-json\/wp\/v2\/types\/post"}],"author":[{"embeddable":true,"href":"https:\/\/www.mariaabrahamsson.nu\/index.php\/wp-json\/wp\/v2\/users\/2"}],"replies":[{"embeddable":true,"href":"https:\/\/www.mariaabrahamsson.nu\/index.php\/wp-json\/wp\/v2\/comments?post=9980"}],"version-history":[{"count":0,"href":"https:\/\/www.mariaabrahamsson.nu\/index.php\/wp-json\/wp\/v2\/posts\/9980\/revisions"}],"wp:attachment":[{"href":"https:\/\/www.mariaabrahamsson.nu\/index.php\/wp-json\/wp\/v2\/media?parent=9980"}],"wp:term":[{"taxonomy":"category","embeddable":true,"href":"https:\/\/www.mariaabrahamsson.nu\/index.php\/wp-json\/wp\/v2\/categories?post=9980"},{"taxonomy":"post_tag","embeddable":true,"href":"https:\/\/www.mariaabrahamsson.nu\/index.php\/wp-json\/wp\/v2\/tags?post=9980"}],"curies":[{"name":"wp","href":"https:\/\/api.w.org\/{rel}","templated":true}]}}