{"id":9971,"date":"2014-01-14T21:46:26","date_gmt":"2014-01-14T20:46:26","guid":{"rendered":"http:\/\/www.mariaabrahamsson.nu\/?p=9971"},"modified":"2014-01-14T21:54:10","modified_gmt":"2014-01-14T20:54:10","slug":"omvarlden-vill-nog-veta-att-bara-reinfeldt-och-ask-ar-fore","status":"publish","type":"post","link":"https:\/\/www.mariaabrahamsson.nu\/index.php\/2014\/01\/14\/omvarlden-vill-nog-veta-att-bara-reinfeldt-och-ask-ar-fore\/","title":{"rendered":"Omv\u00e4rlden vill nog \u00e4nda veta att bara Reinfeldt &#038; Ask \u00e4r f\u00f6re"},"content":{"rendered":"<p><strong>Ska inte bli l\u00e5ngrandig<\/strong>, jag t\u00e4nker bara att omv\u00e4rlden nog vill veta att Nomineringsst\u00e4mman i Stockholms stad i kv\u00e4ll beslutade i enlighet med <a href=\"http:\/\/moderaterna.net\/wp-content\/uploads\/2013\/12\/A-Rd-Nomineringskommittens-forslag-till-valsedel-Riksdagsvalet-2014-valkrets-Stockholms-stad.pdf\">Nomineringskommitt\u00e9ns f\u00f6rslag<\/a>. Det vill s\u00e4ga att mitt namn kommer att st\u00e5 som nummer tre p\u00e5 Stockholms stads valsedel till riksdagen 2014, \u00a0efter Fredrik Reinfeldt (1) och Beatrice Ask (2). Om jag \u00e4r mycket stolt och n\u00f6jd? Tack, tack alla!<\/p>\n<p>Som om lyckan inte vore tillr\u00e4cklig med det kommer jag att f\u00f6r en g\u00e5ngs skull\u00a0i morgon p\u00e5 plats i kammaren kunna f\u00f6lja val\u00e5rets f\u00f6rsta partiledardebatt i <a href=\"http:\/\/www.riksdagen.se\/sv\/Debatter--beslut\/Ovriga-debatter\/Nyheter\/Valarets-forsta-partiledardebatt\/\">demokratins h\u00f6gborg!<\/a>\u00a0Annars krockar ju som regel de viktiga sammantr\u00e4dena i <a href=\"http:\/\/www.domstol.se\/Om-Sveriges-Domstolar\/Domarnamnden\/Domarnamndens-ledamoter\/\">Domarn\u00e4mnden<\/a>\u00a0med dessa politikens h\u00f6gtidsstunder.<\/p>\n<p><strong>Men s\u00e5 allts\u00e5 inte<\/strong> i morgon. Lyssna <a href=\"http:\/\/www.riksdagen.se\/sv\/Debatter--beslut\/Ovriga-debatter\/Partiledardebatter\/Partiledardebatt\/?did=H1C120140115pd&amp;doctype=pd\">d\u00e5<\/a>\u00a0du med!<\/p>\n","protected":false},"excerpt":{"rendered":"<p>Ska inte bli l\u00e5ngrandig, jag t\u00e4nker bara att omv\u00e4rlden nog vill veta att Nomineringsst\u00e4mman i Stockholms stad i kv\u00e4ll beslutade i enlighet med Nomineringskommitt\u00e9ns f\u00f6rslag. Det vill s\u00e4ga att mitt namn kommer att st\u00e5 som nummer tre p\u00e5 Stockholms stads valsedel till riksdagen 2014, \u00a0efter Fredrik Reinfeldt (1) och Beatrice Ask (2). Om jag \u00e4r&hellip;<\/p>\n<p class=\"more-link-p\"><a class=\"more-link\" href=\"https:\/\/www.mariaabrahamsson.nu\/index.php\/2014\/01\/14\/omvarlden-vill-nog-veta-att-bara-reinfeldt-och-ask-ar-fore\/\">Read more &rarr;<\/a><\/p>\n","protected":false},"author":2,"featured_media":0,"comment_status":"open","ping_status":"open","sticky":false,"template":"","format":"standard","meta":{"footnotes":""},"categories":[1],"tags":[],"class_list":["post-9971","post","type-post","status-publish","format-standard","hentry","category-uncategorized"],"_links":{"self":[{"href":"https:\/\/www.mariaabrahamsson.nu\/index.php\/wp-json\/wp\/v2\/posts\/9971","targetHints":{"allow":["GET"]}}],"collection":[{"href":"https:\/\/www.mariaabrahamsson.nu\/index.php\/wp-json\/wp\/v2\/posts"}],"about":[{"href":"https:\/\/www.mariaabrahamsson.nu\/index.php\/wp-json\/wp\/v2\/types\/post"}],"author":[{"embeddable":true,"href":"https:\/\/www.mariaabrahamsson.nu\/index.php\/wp-json\/wp\/v2\/users\/2"}],"replies":[{"embeddable":true,"href":"https:\/\/www.mariaabrahamsson.nu\/index.php\/wp-json\/wp\/v2\/comments?post=9971"}],"version-history":[{"count":0,"href":"https:\/\/www.mariaabrahamsson.nu\/index.php\/wp-json\/wp\/v2\/posts\/9971\/revisions"}],"wp:attachment":[{"href":"https:\/\/www.mariaabrahamsson.nu\/index.php\/wp-json\/wp\/v2\/media?parent=9971"}],"wp:term":[{"taxonomy":"category","embeddable":true,"href":"https:\/\/www.mariaabrahamsson.nu\/index.php\/wp-json\/wp\/v2\/categories?post=9971"},{"taxonomy":"post_tag","embeddable":true,"href":"https:\/\/www.mariaabrahamsson.nu\/index.php\/wp-json\/wp\/v2\/tags?post=9971"}],"curies":[{"name":"wp","href":"https:\/\/api.w.org\/{rel}","templated":true}]}}