{"id":9940,"date":"2014-01-11T17:04:34","date_gmt":"2014-01-11T16:04:34","guid":{"rendered":"http:\/\/www.mariaabrahamsson.nu\/?p=9940"},"modified":"2014-01-11T17:16:39","modified_gmt":"2014-01-11T16:16:39","slug":"verkligheten-ar-ifatt-jamtins-tankelek-om-inga-kvinnojourer","status":"publish","type":"post","link":"https:\/\/www.mariaabrahamsson.nu\/index.php\/2014\/01\/11\/verkligheten-ar-ifatt-jamtins-tankelek-om-inga-kvinnojourer\/","title":{"rendered":"Verkligheten \u00e4r ifatt J\u00e4mtins tankelek om kvinnojourer"},"content":{"rendered":"<p><strong>&#8221;Lek f\u00f6r ett \u00f6gonblick med tanken\u00a0<\/strong>p\u00e5 att det inte fanns n\u00e5gra kvinnojourer&#8221;, uppmanar\u00a0socialdemokraternas partisekreterare Carin J\u00e4mtin p\u00e5\u00a0<a href=\"http:\/\/www.svd.se\/opinion\/brannpunkt\/ansvar-ska-inte-lampas-over-pa-ideella-krafter_8884206.svd\">SvD Br\u00e4nnpunkt<\/a>. J\u00e4mtin\u00a0skriver uppskattande om allt\u00a0v\u00e4rdefullt ideellt arbete som utf\u00f6rs av frivilliga krafter och riktar kampanjm\u00e4ssigt en bredsidan mot regeringens skattes\u00e4nkningar. J\u00e4mtin f\u00e5r urs\u00e4kta men jag passar ryggradsreflexerna nu, och fokuserar i st\u00e4llet p\u00e5 det bokstavligen livsviktiga &#8211; kvinnojourerna.<\/p>\n<p>J\u00e4mtins uppmaning till tankelek \u00e4r besynnerlig. Kvinnor som flyr fr\u00e5n sina pl\u00e5goandar f\u00f6r att s\u00f6ka skydd hos kvinnojourer m\u00f6ts redan i dag &#8211; s\u00e4rskilt i samband med storhelger och semestertider -alltf\u00f6r ofta med ett &#8221;tyv\u00e4rr, det \u00e4r fullt&#8221;. I v\u00e4rsta fall tvingas den n\u00f6dst\u00e4llda konstatera att kvinnojouren \u00e4r st\u00e4ngd p\u00e5 grund av semester\/personalbrist.\u00a0Idealitet \u00e4r bra och beh\u00f6vs, absolut. Men som jag ganska l\u00e4nge har sagt (bl a <a href=\"http:\/\/www.aftonbladet.se\/debatt\/article15275631.ab\">h\u00e4r<\/a>,\u00a0<a href=\"http:\/\/www.mariaabrahamsson.nu\/index.php\/2012\/11\/25\/orimligt-att-valdsutsatta-kvinnor-ar-hanvisade-till-ideella-krafter\/\">h\u00e4r<\/a>\u00a0och <a href=\"http:\/\/www.mariaabrahamsson.nu\/index.php\/2012\/03\/08\/sjostedt-varfor-inte-forstatliga-kvinnojourerna\/\">h\u00e4r<\/a>)\u00a0\u00e4r det skamligt att enskilda m\u00e4nniskors engagemang tas till urs\u00e4kt f\u00f6r staten att undandra sig ansvaret f\u00f6r kvinnor i n\u00f6d.<\/p>\n<p><strong>Visst, mycket positivt<\/strong>\u00a0har h\u00e4nt i arbetet med v\u00e5ldsutsatta kvinnor. Inte minst i lagstiftningen avspeglas kvinnojourernas ih\u00e4rdiga opinionsarbete. Bes\u00f6ksf\u00f6rbudslagen (numera kontaktf\u00f6rbud) \u00e4r en sj\u00e4lvklarhet, socialtj\u00e4nstlagen har sk\u00e4rpts &#8211; sedan 2007 ska kommunerna ge v\u00e5ldsutsatta kvinnor st\u00f6d och hj\u00e4lp. Sexk\u00f6pslagen kan man ha <a href=\"http:\/\/www.svd.se\/opinion\/ledarsidan\/damen-i-baren-minns-jag-tydligt_2534449.svd\">synpunkter<\/a> p\u00e5 men den \u00e4r inf\u00f6rd sedan \u00f6ver 10 \u00e5r och av allt att d\u00f6ma h\u00e4r f\u00f6r att stanna. F\u00f6r att n\u00e4mna n\u00e5gra exempel.<\/p>\n<div>\n<p>V\u00e5ld i n\u00e4ra relationer \u00e4r\u00a0det\u00a0allvarligaste \u00e5terst\u00e5ende j\u00e4mst\u00e4lldhetsproblemet, och d\u00e4rmed ocks\u00e5 ett stort samh\u00e4llsproblem. D\u00e4rf\u00f6r blev jag v\u00e4ldigt glad n\u00e4r Maria Arnholm som nyutn\u00e4mnd j\u00e4mst\u00e4lldhetsminister frankt <a href=\"http:\/\/www.svd.se\/opinion\/brannpunkt\/kvinnojourer-far-mer-pengar_8480004.svd\">konstaterade <\/a>att arbetet med m\u00e4ns v\u00e5ld mot kvinnor \u00e4r en del av den allm\u00e4nna v\u00e4lf\u00e4rden. Det var inga tomma ord! Statsbudgeten kommande \u00e5r inneh\u00e5ller permanenta bidragsf\u00f6rst\u00e4rkningar p\u00e5 drygt 23 miljoner \u00e5rligen ut\u00f6ver de i runda sl\u00e4nga 100 miljoner som kommunerna f\u00e5r per \u00e5r att f\u00f6rdela till kvinnojourer och annan st\u00f6dverksamhet.<\/p>\n<p><strong>Men trots att<\/strong> kommunerna allts\u00e5 \u00e4r skyldiga\u00ad att ge skydd och st\u00f6d till v\u00e5lds\u00adutsatta kvinnor larmas det varje sommar och julhelg om att kvinnojourerna g\u00e5r p\u00e5 kn\u00e4na,\u00a0att jourer tvingas dra ner p\u00e5 bemanningen, ja till och med bomma igen helt eftersom\u00a0ocks\u00e5\u00a0ideellt arbetande\u00ad jourkvinnor beh\u00f6ver ha \u00adsemester och kan bli sjuka.<\/p>\n<p>Kommer regeringens bidragsf\u00f6rst\u00e4rkning att \u00e4ndra p\u00e5 det?\u00a0Ingen vet. Regeringens nationella kvinnofridssamordnare Carin G\u00f6tblad har l\u00e5tit f\u00f6rst\u00e5 att kommunerna m\u00e5ste bli b\u00e4ttre p\u00e5 att planera semestrarna f\u00f6r sina tj\u00e4nstem\u00e4n i offentlig st\u00f6dverksamhet och att kvinnojourerna m\u00e5ste bli b\u00e4ttre p\u00e5 att tala om f\u00f6r kommunerna n\u00e4r pressen blir f\u00f6r h\u00e5rd.\u00a0G\u00f6tblad har helt r\u00e4tt i att \u00adutsatta kvinnor m\u00e5ste kunna f\u00e5 st\u00f6d fr\u00e5n kommunerna \u00e4ven i semestertider. D\u00e4rav pengarna fr\u00e5n staten. Men talar vi om att garantera s\u00e4kerheten, yrkeskunnandet och tillg\u00e5ngen till skydd f\u00f6r hotade kvinnor \u00e5ret runt kan jag inte se n\u00e5gon annan l\u00f6sning \u00e4n att staten en g\u00e5ng f\u00f6r alla tar p\u00e5 sig hela ansvaret f\u00f6r en fungerande ordning n\u00e4r hotade\u00ad och v\u00e5ldsutsatta kvinnor s\u00f6ker en trygg plats.<\/p>\n<p><strong>S\u00e5 nej Carin J\u00e4mtin, vi beh\u00f6ver inga tankelekar <\/strong>om\u00a0att det inte finns n\u00e5gra kvinnojourer. Det \u00e4r redan ett brutalt faktum med f\u00f6r\u00f6dande konsekvenser som f\u00f6ljd. Alternativet \u00e4r inte att \u00f6verl\u00e5ta denna\u00ad livsviktiga verksamhet till \u00e4nnu fler ideella\u00ad krafter och gratisarbetande kvinnor utan det enda rimliga \u00e4r att staten tar p\u00e5 sig det fulla ansvaret f\u00f6r att skydda hotade och v\u00e5ldsutsatta kvinnor och deras barn.<\/p>\n<p>&nbsp;<\/p>\n<p><strong>\u00a0<\/strong><\/p>\n<\/div>\n","protected":false},"excerpt":{"rendered":"<p>&#8221;Lek f\u00f6r ett \u00f6gonblick med tanken\u00a0p\u00e5 att det inte fanns n\u00e5gra kvinnojourer&#8221;, uppmanar\u00a0socialdemokraternas partisekreterare Carin J\u00e4mtin p\u00e5\u00a0SvD Br\u00e4nnpunkt. J\u00e4mtin\u00a0skriver uppskattande om allt\u00a0v\u00e4rdefullt ideellt arbete som utf\u00f6rs av frivilliga krafter och riktar kampanjm\u00e4ssigt en bredsidan mot regeringens skattes\u00e4nkningar. J\u00e4mtin f\u00e5r urs\u00e4kta men jag passar ryggradsreflexerna nu, och fokuserar i st\u00e4llet p\u00e5 det bokstavligen livsviktiga &#8211; kvinnojourerna.&hellip;<\/p>\n<p class=\"more-link-p\"><a class=\"more-link\" href=\"https:\/\/www.mariaabrahamsson.nu\/index.php\/2014\/01\/11\/verkligheten-ar-ifatt-jamtins-tankelek-om-inga-kvinnojourer\/\">Read more &rarr;<\/a><\/p>\n","protected":false},"author":2,"featured_media":0,"comment_status":"open","ping_status":"open","sticky":false,"template":"","format":"standard","meta":{"footnotes":""},"categories":[1],"tags":[],"class_list":["post-9940","post","type-post","status-publish","format-standard","hentry","category-uncategorized"],"_links":{"self":[{"href":"https:\/\/www.mariaabrahamsson.nu\/index.php\/wp-json\/wp\/v2\/posts\/9940","targetHints":{"allow":["GET"]}}],"collection":[{"href":"https:\/\/www.mariaabrahamsson.nu\/index.php\/wp-json\/wp\/v2\/posts"}],"about":[{"href":"https:\/\/www.mariaabrahamsson.nu\/index.php\/wp-json\/wp\/v2\/types\/post"}],"author":[{"embeddable":true,"href":"https:\/\/www.mariaabrahamsson.nu\/index.php\/wp-json\/wp\/v2\/users\/2"}],"replies":[{"embeddable":true,"href":"https:\/\/www.mariaabrahamsson.nu\/index.php\/wp-json\/wp\/v2\/comments?post=9940"}],"version-history":[{"count":0,"href":"https:\/\/www.mariaabrahamsson.nu\/index.php\/wp-json\/wp\/v2\/posts\/9940\/revisions"}],"wp:attachment":[{"href":"https:\/\/www.mariaabrahamsson.nu\/index.php\/wp-json\/wp\/v2\/media?parent=9940"}],"wp:term":[{"taxonomy":"category","embeddable":true,"href":"https:\/\/www.mariaabrahamsson.nu\/index.php\/wp-json\/wp\/v2\/categories?post=9940"},{"taxonomy":"post_tag","embeddable":true,"href":"https:\/\/www.mariaabrahamsson.nu\/index.php\/wp-json\/wp\/v2\/tags?post=9940"}],"curies":[{"name":"wp","href":"https:\/\/api.w.org\/{rel}","templated":true}]}}