{"id":9931,"date":"2014-01-08T19:07:25","date_gmt":"2014-01-08T18:07:25","guid":{"rendered":"http:\/\/www.mariaabrahamsson.nu\/?p=9931"},"modified":"2014-01-08T20:01:04","modified_gmt":"2014-01-08T19:01:04","slug":"unge-bildt-har-en-poang-och-bra-att-han-framfor-den","status":"publish","type":"post","link":"https:\/\/www.mariaabrahamsson.nu\/index.php\/2014\/01\/08\/unge-bildt-har-en-poang-och-bra-att-han-framfor-den\/","title":{"rendered":"Unge Bildt har en po\u00e4ng och bra att han framf\u00f6r den"},"content":{"rendered":"<p><strong>P\u00e5 tisdag kv\u00e4ll<\/strong> &#8211; i n\u00e4sta vecka &#8211; \u00e4r det nomineringsst\u00e4mma i Stockholms stad. D\u00e5 ska namnen spikas p\u00e5 valsedeln till\u00a0<a href=\"http:\/\/moderaterna.net\/wp-content\/uploads\/2013\/12\/A-Rd-Nomineringskommittens-forslag-till-valsedel-Riksdagsvalet-2014-valkrets-Stockholms-stad.pdf\">riksdagen<\/a>\u00a02014. Yrkesskadad som jag \u00e4r var det min f\u00f6rsta tanke n\u00e4r jag i f\u00f6rmiddags detta superval\u00e5r \u00e5ter betr\u00e4dde fosterjorden efter tv\u00e5 veckors ledighet p\u00e5 sydliga breddgrader.<\/p>\n<p>F\u00f6r p\u00e5passade politiker beh\u00f6vs inte mycket f\u00f6r att de ska hamna i bl\u00e5sv\u00e4der, s\u00e4rskilt om de r\u00e5kat uttrycka en \u00e5sikt som inte behagar den klapptwittrande v\u00e4nstern.\u00a0Det f\u00f6rsta jag konfronteras med vid hemkomsten \u00e4r st\u00e5hejet om att justitieministern har l\u00e4nkat of\u00f6rsiktigt p\u00e5 Facebook och &#8221;g\u00e5tt p\u00e5&#8221; en r\u00f6varhistoria om att folk d\u00f6tt som flugor i USA efter att marijuana legaliserats i en av delstaterna. I Expressen l\u00e4ser jag att till och med utrikesministerns son Nils Bildt <a href=\"http:\/\/www.expressen.se\/nyheter\/asks-cannabisinlagg-kritiseras-av-bildts-son\/\">menar att justitieministern\u00a0<\/a>har\u00a0d\u00e5lig koll p\u00e5 det h\u00e4r med k\u00e4llkritik och skillnaden mellan olika typer av droger. Unge Bildt har helt klart en po\u00e4ng, och det \u00e4r bra att han vill och v\u00e5gar framf\u00f6ra den.<\/p>\n<p><strong>Det \u00e4r som sagt l\u00e4tt att snubbla<\/strong>\u00a0f\u00f6r den som befinner sig i politikens toppskikt. N\u00e4r det sker \u00e4r det bara att ta l\u00e4rdom av kritiken. Jag har sj\u00e4lv levererat s\u00e5dan, till exempel\u00a0<a href=\"http:\/\/www.mariaabrahamsson.nu\/index.php\/2010\/03\/28\/asks-bludder-fortjanar-mer-an-en-axelryckning\/\">h\u00e4r<\/a>\u00a0med anledning av <a href=\"http:\/\/www.youtube.com\/watch?v=KOIilv05uXg\">utspelet h\u00e4r<\/a>.\u00a0Det var i mars 2010, jag kandiderade till riksdagen och hade precis som nu just landat p\u00e5 Arlanda efter h\u00e4rliga veckor p\u00e5 Aruba. Beatrice Ask bevisade den g\u00e5ngen vilken proffspolitiker hon \u00e4r som f\u00f6rm\u00e5dde att g\u00e5 st\u00e4rkt ur den &#8211; ber\u00e4ttigade &#8211; mediestorm som d\u00e5 f\u00f6ljde.<\/p>\n<p>Rapport om riksdagslistan 2014\u00a0utlovas p\u00e5 tisdag!<\/p>\n","protected":false},"excerpt":{"rendered":"<p>P\u00e5 tisdag kv\u00e4ll &#8211; i n\u00e4sta vecka &#8211; \u00e4r det nomineringsst\u00e4mma i Stockholms stad. D\u00e5 ska namnen spikas p\u00e5 valsedeln till\u00a0riksdagen\u00a02014. Yrkesskadad som jag \u00e4r var det min f\u00f6rsta tanke n\u00e4r jag i f\u00f6rmiddags detta superval\u00e5r \u00e5ter betr\u00e4dde fosterjorden efter tv\u00e5 veckors ledighet p\u00e5 sydliga breddgrader. F\u00f6r p\u00e5passade politiker beh\u00f6vs inte mycket f\u00f6r att de&hellip;<\/p>\n<p class=\"more-link-p\"><a class=\"more-link\" href=\"https:\/\/www.mariaabrahamsson.nu\/index.php\/2014\/01\/08\/unge-bildt-har-en-poang-och-bra-att-han-framfor-den\/\">Read more &rarr;<\/a><\/p>\n","protected":false},"author":2,"featured_media":0,"comment_status":"open","ping_status":"open","sticky":false,"template":"","format":"standard","meta":{"footnotes":""},"categories":[1],"tags":[],"class_list":["post-9931","post","type-post","status-publish","format-standard","hentry","category-uncategorized"],"_links":{"self":[{"href":"https:\/\/www.mariaabrahamsson.nu\/index.php\/wp-json\/wp\/v2\/posts\/9931","targetHints":{"allow":["GET"]}}],"collection":[{"href":"https:\/\/www.mariaabrahamsson.nu\/index.php\/wp-json\/wp\/v2\/posts"}],"about":[{"href":"https:\/\/www.mariaabrahamsson.nu\/index.php\/wp-json\/wp\/v2\/types\/post"}],"author":[{"embeddable":true,"href":"https:\/\/www.mariaabrahamsson.nu\/index.php\/wp-json\/wp\/v2\/users\/2"}],"replies":[{"embeddable":true,"href":"https:\/\/www.mariaabrahamsson.nu\/index.php\/wp-json\/wp\/v2\/comments?post=9931"}],"version-history":[{"count":0,"href":"https:\/\/www.mariaabrahamsson.nu\/index.php\/wp-json\/wp\/v2\/posts\/9931\/revisions"}],"wp:attachment":[{"href":"https:\/\/www.mariaabrahamsson.nu\/index.php\/wp-json\/wp\/v2\/media?parent=9931"}],"wp:term":[{"taxonomy":"category","embeddable":true,"href":"https:\/\/www.mariaabrahamsson.nu\/index.php\/wp-json\/wp\/v2\/categories?post=9931"},{"taxonomy":"post_tag","embeddable":true,"href":"https:\/\/www.mariaabrahamsson.nu\/index.php\/wp-json\/wp\/v2\/tags?post=9931"}],"curies":[{"name":"wp","href":"https:\/\/api.w.org\/{rel}","templated":true}]}}