{"id":9725,"date":"2013-10-27T21:02:21","date_gmt":"2013-10-27T20:02:21","guid":{"rendered":"http:\/\/www.mariaabrahamsson.nu\/?p=9725"},"modified":"2013-10-27T21:21:46","modified_gmt":"2013-10-27T20:21:46","slug":"friskolorna-i-trangt-lage-da-star-jag-upp-for-academedia","status":"publish","type":"post","link":"https:\/\/www.mariaabrahamsson.nu\/index.php\/2013\/10\/27\/friskolorna-i-trangt-lage-da-star-jag-upp-for-academedia\/","title":{"rendered":"Friskolorna i tr\u00e4ngt l\u00e4ge, d\u00e5 st\u00e5r jag upp f\u00f6r AcadeMedia"},"content":{"rendered":"<p><strong>Helgen har vikts \u00e5t kampanjande. <\/strong>I g\u00e5r med <a href=\"http:\/\/moderaterna.net\/maria\/\">Mariamoderaterna <\/a>p\u00e5 Medborgarplatsen, i dag med <a href=\"https:\/\/www.facebook.com\/hogalidsmoderaterna\">H\u00f6galidskompisarna<\/a> vid Hornstull. Och i fredags promenerade jag med f\u00f6retagare i Svenskt N\u00e4ringslivs regi. En givande strapats som s\u00e5 h\u00e4r l\u00e5ngt har renderat en inbjudan att bes\u00f6ka <a href=\"http:\/\/www.nyforetagarcentrum.com\">Nyf\u00f6retagarCentrum<\/a>\u00a0och\u00a0en invit att p\u00e5 plats studera vardagens vederm\u00f6dor f\u00f6r ett\u00a0<a href=\"http:\/\/www.alltisten.se\/produkter\/\">ROT-f\u00f6retag<\/a>,\u00a0plus att jag bjudit in mig sj\u00e4lv till<a href=\"http:\/\/www.roomsorg.se\"> RO Omsorg AB<\/a>. Som om detta inte vore nog ska jag i morgon grillas i &#8221;heta stolen&#8221; hos F\u00f6retagarna i Stockholms l\u00e4n.<\/p>\n<p>Denna skrytvals\/f\u00f6rsvarspl\u00e4dering med anledning av att en s k plenifri vecka ligger framf\u00f6r oss. En vecka d\u00e5 m\u00e5nga v\u00e4ljare packar in familjen i bilen och tar h\u00f6stlov medan vi riksdagsledam\u00f6ter f\u00f6rv\u00e4ntas anv\u00e4nda tiden till att vara hemma och tr\u00e4ffa v\u00e4ljare i valkretsen. Logiken i det?<\/p>\n<p><strong>Medger med gott\u00a0<\/strong>samvete att jag ocks\u00e5 har annat \u00e4n v\u00e4ljarkontakter inplanerat, typ h\u00e4lsounders\u00f6kning (politiker \u00e4r ocks\u00e5 m\u00e4nniskor), middag med v\u00e4ninna och styrelsem\u00f6te med H\u00f6galidsmoderaterna p\u00e5 tisdag kv\u00e4ll.<\/p>\n<p>Vad som s\u00e5 h\u00e4r p\u00e5 s\u00f6ndagskv\u00e4llen bekymrar mig mer \u00e4r finansminister Anders Borgs uttalande i SVT i fredags kv\u00e4ll om riskapitalbolags framtida \u00e4gande av friskolor (l\u00e4s <a href=\"http:\/\/www.svt.se\/nyheter\/sverige\/anders-borg-domer-ut-riskkapitalister-i-skolan\">h\u00e4r\u00a0<\/a>).<\/p>\n<p><strong>Jag tillh\u00f6rde skaran<\/strong> politiker som i likhet med \u00a0landets duktiga friskolel\u00e4rare, n\u00f6jda friskoleelever och tacksamma f\u00f6r\u00e4ldrar drog en suck av l\u00e4ttnad och appl\u00e5derade Borgs\u00a0<a href=\"http:\/\/www.riksdagen.se\/sv\/Dokument-Lagar\/Kammaren\/Protokoll\/Riksdagens-snabbprotokoll_H009135\/#anf3\">interpellationssvar <\/a>\u00a0i \u00e4mnet\u00a0(\u00a7 5 i l\u00e4nkat riksdagsprotokoll).<\/p>\n<p>Svaret st\u00e4rkte mig i uppfattningen att jag gjorde r\u00e4tt som l\u00e4t mig v\u00e4ljas in i friskolef\u00f6retaget AcadeMedias <a href=\"http:\/\/www.academedia.se\/ledning\/advisory-board\/\">Advisory Board<\/a>, d\u00e4r jag efter bara tv\u00e5 sammantr\u00e4den har konstaterat att jag utg\u00f6r en hyggligt bra balansvikt till tung socialdemokratisk och milj\u00f6partistisk representation.\u00a0Men sedan i fredags kv\u00e4ll \u00e4r jag som riksdagsledamot allts\u00e5 desavouerad? Eller?<\/p>\n<p><strong>Till sist.\u00a0<\/strong>Ett s\u00e4tt att hylla\u00a0<a href=\"http:\/\/www.aftonbladet.se\/nojesbladet\/article17734765.ab\">Lou Reed <\/a>en kv\u00e4ll som denna\u00a0\u00e4r att ta en\u00a0<a href=\"https:\/\/www.youtube.com\/watch?v=0KaWSOlASWc\">walk on the wild side &#8230;<\/a><\/p>\n","protected":false},"excerpt":{"rendered":"<p>Helgen har vikts \u00e5t kampanjande. I g\u00e5r med Mariamoderaterna p\u00e5 Medborgarplatsen, i dag med H\u00f6galidskompisarna vid Hornstull. Och i fredags promenerade jag med f\u00f6retagare i Svenskt N\u00e4ringslivs regi. En givande strapats som s\u00e5 h\u00e4r l\u00e5ngt har renderat en inbjudan att bes\u00f6ka Nyf\u00f6retagarCentrum\u00a0och\u00a0en invit att p\u00e5 plats studera vardagens vederm\u00f6dor f\u00f6r ett\u00a0ROT-f\u00f6retag,\u00a0plus att jag bjudit in&hellip;<\/p>\n<p class=\"more-link-p\"><a class=\"more-link\" href=\"https:\/\/www.mariaabrahamsson.nu\/index.php\/2013\/10\/27\/friskolorna-i-trangt-lage-da-star-jag-upp-for-academedia\/\">Read more &rarr;<\/a><\/p>\n","protected":false},"author":2,"featured_media":0,"comment_status":"open","ping_status":"open","sticky":false,"template":"","format":"standard","meta":{"footnotes":""},"categories":[1],"tags":[],"class_list":["post-9725","post","type-post","status-publish","format-standard","hentry","category-uncategorized"],"_links":{"self":[{"href":"https:\/\/www.mariaabrahamsson.nu\/index.php\/wp-json\/wp\/v2\/posts\/9725","targetHints":{"allow":["GET"]}}],"collection":[{"href":"https:\/\/www.mariaabrahamsson.nu\/index.php\/wp-json\/wp\/v2\/posts"}],"about":[{"href":"https:\/\/www.mariaabrahamsson.nu\/index.php\/wp-json\/wp\/v2\/types\/post"}],"author":[{"embeddable":true,"href":"https:\/\/www.mariaabrahamsson.nu\/index.php\/wp-json\/wp\/v2\/users\/2"}],"replies":[{"embeddable":true,"href":"https:\/\/www.mariaabrahamsson.nu\/index.php\/wp-json\/wp\/v2\/comments?post=9725"}],"version-history":[{"count":0,"href":"https:\/\/www.mariaabrahamsson.nu\/index.php\/wp-json\/wp\/v2\/posts\/9725\/revisions"}],"wp:attachment":[{"href":"https:\/\/www.mariaabrahamsson.nu\/index.php\/wp-json\/wp\/v2\/media?parent=9725"}],"wp:term":[{"taxonomy":"category","embeddable":true,"href":"https:\/\/www.mariaabrahamsson.nu\/index.php\/wp-json\/wp\/v2\/categories?post=9725"},{"taxonomy":"post_tag","embeddable":true,"href":"https:\/\/www.mariaabrahamsson.nu\/index.php\/wp-json\/wp\/v2\/tags?post=9725"}],"curies":[{"name":"wp","href":"https:\/\/api.w.org\/{rel}","templated":true}]}}