{"id":9703,"date":"2013-10-21T20:30:03","date_gmt":"2013-10-21T18:30:03","guid":{"rendered":"http:\/\/www.mariaabrahamsson.nu\/?p=9703"},"modified":"2013-10-21T20:31:43","modified_gmt":"2013-10-21T18:31:43","slug":"intervjun-kom-lagligt-efter-fyra-dygn-i-demokratins-tjanst","status":"publish","type":"post","link":"https:\/\/www.mariaabrahamsson.nu\/index.php\/2013\/10\/21\/intervjun-kom-lagligt-efter-fyra-dygn-i-demokratins-tjanst\/","title":{"rendered":"Intervjun kom l\u00e4gligt efter fyra dygn i partidemokratins tj\u00e4nst"},"content":{"rendered":"<p><strong>Fyra dygns arbetsst\u00e4mma <\/strong>s\u00e4tter sina sp\u00e5r, och d\u00e5 inte bara i beslutsprotokoll och p\u00e5 ledarsidor. S\u00e5 i dag har\u00a0jag inte gjort m\u00e5nga knop\u00a0med undantag f\u00f6r en inbokad intervju i f\u00f6rmiddags med en forskare p\u00e5 Statsvetenskapliga institutionen i Stockholm. Fast \u00e4ven den gick i ganska makligt tempo, om sanningen ska fram.<\/p>\n<p>Men det blev ett bra samtal om villkoren f\u00f6r att bli insl\u00e4ppt i partiv\u00e4rmen och kunna jobba hyggligt framg\u00e5ngsrikt\u00a0politiskt utan att f\u00f6r den skull vara &#8221;inf\u00f6dd&#8221; i \u00a0partiet. Jo, hon tittade tvivlande p\u00e5 mig n\u00e4r jag vidh\u00f6ll att det faktiskt \u00e4r fullt m\u00f6jligt.<\/p>\n<p><strong>Intervjun \u00e4gde rum<\/strong> inom ramen f\u00f6r ett europeiskt forskningsprojekt om m\u00e5ngfald, n\u00e4tverk och representation i och utanf\u00f6r de politiska partierna. L\u00e5ter sm\u00e5flummigt, ja, men jag tog chansen att ber\u00e4tta om i fredags kv\u00e4ll. Det var en afton n\u00e4r intern partidemokrati fungerar som b\u00e4st, f\u00f6rklarade jag och beskrev ing\u00e5ende hur M-st\u00e4mman f\u00f6rst efter en helt \u00f6ppen kandidatpresentation, t\u00e4t trafik i talarstolen och slutligen en sp\u00e4nnande omr\u00f6stning fastst\u00e4llde listordningen p\u00e5\u00a0<a href=\"http:\/\/www.moderat.se\/pressmeddelande\/moderaternas-toppkandidater-till-europaparlamentsvalet-2014\">partiets toppkandidater\u00a0<\/a>till Europaparlamentsvalet den 25 maj 2014. Inget utrymme f\u00f6r mygel d\u00e4r, allts\u00e5.<\/p>\n<p>Statsvetaren nickade och s\u00e5g ut att ta till sig ett tankesp\u00e5n till fromma f\u00f6r forskningsprojektet.<\/p>\n<p>&nbsp;<\/p>\n","protected":false},"excerpt":{"rendered":"<p>Fyra dygns arbetsst\u00e4mma s\u00e4tter sina sp\u00e5r, och d\u00e5 inte bara i beslutsprotokoll och p\u00e5 ledarsidor. S\u00e5 i dag har\u00a0jag inte gjort m\u00e5nga knop\u00a0med undantag f\u00f6r en inbokad intervju i f\u00f6rmiddags med en forskare p\u00e5 Statsvetenskapliga institutionen i Stockholm. Fast \u00e4ven den gick i ganska makligt tempo, om sanningen ska fram. Men det blev ett bra&hellip;<\/p>\n<p class=\"more-link-p\"><a class=\"more-link\" href=\"https:\/\/www.mariaabrahamsson.nu\/index.php\/2013\/10\/21\/intervjun-kom-lagligt-efter-fyra-dygn-i-demokratins-tjanst\/\">Read more &rarr;<\/a><\/p>\n","protected":false},"author":2,"featured_media":0,"comment_status":"open","ping_status":"open","sticky":false,"template":"","format":"standard","meta":{"footnotes":""},"categories":[1],"tags":[],"class_list":["post-9703","post","type-post","status-publish","format-standard","hentry","category-uncategorized"],"_links":{"self":[{"href":"https:\/\/www.mariaabrahamsson.nu\/index.php\/wp-json\/wp\/v2\/posts\/9703","targetHints":{"allow":["GET"]}}],"collection":[{"href":"https:\/\/www.mariaabrahamsson.nu\/index.php\/wp-json\/wp\/v2\/posts"}],"about":[{"href":"https:\/\/www.mariaabrahamsson.nu\/index.php\/wp-json\/wp\/v2\/types\/post"}],"author":[{"embeddable":true,"href":"https:\/\/www.mariaabrahamsson.nu\/index.php\/wp-json\/wp\/v2\/users\/2"}],"replies":[{"embeddable":true,"href":"https:\/\/www.mariaabrahamsson.nu\/index.php\/wp-json\/wp\/v2\/comments?post=9703"}],"version-history":[{"count":0,"href":"https:\/\/www.mariaabrahamsson.nu\/index.php\/wp-json\/wp\/v2\/posts\/9703\/revisions"}],"wp:attachment":[{"href":"https:\/\/www.mariaabrahamsson.nu\/index.php\/wp-json\/wp\/v2\/media?parent=9703"}],"wp:term":[{"taxonomy":"category","embeddable":true,"href":"https:\/\/www.mariaabrahamsson.nu\/index.php\/wp-json\/wp\/v2\/categories?post=9703"},{"taxonomy":"post_tag","embeddable":true,"href":"https:\/\/www.mariaabrahamsson.nu\/index.php\/wp-json\/wp\/v2\/tags?post=9703"}],"curies":[{"name":"wp","href":"https:\/\/api.w.org\/{rel}","templated":true}]}}