{"id":9682,"date":"2013-10-08T19:18:31","date_gmt":"2013-10-08T17:18:31","guid":{"rendered":"http:\/\/www.mariaabrahamsson.nu\/?p=9682"},"modified":"2013-10-08T21:02:47","modified_gmt":"2013-10-08T19:02:47","slug":"anvand-rosten-i-sveriges-hogsta-beslutande-forsamling","status":"publish","type":"post","link":"https:\/\/www.mariaabrahamsson.nu\/index.php\/2013\/10\/08\/anvand-rosten-i-sveriges-hogsta-beslutande-forsamling\/","title":{"rendered":"Anv\u00e4nd r\u00f6sten i Sveriges h\u00f6gsta beslutande f\u00f6rsamling"},"content":{"rendered":"<p><strong>Det har g\u00e5tt \u00a0fyra \u00e5r<\/strong> sedan jag slutade som ledarskribent p\u00e5 SvD f\u00f6r att kandidera till riksdagen. Och i h\u00f6st har jag allts\u00e5 meddelat min partif\u00f6rening att jag \u00e4r beredd att l\u00e5ta mig v\u00e4ljas om f\u00f6r ytterligare en mandatperiod. Men fortfarande \u00e4r den vanligaste fr\u00e5gan som jag f\u00e5r om jag inte saknar tiden som ledarskribent. F\u00f6r nog hade jag mer makt att p\u00e5verka d\u00e5?<\/p>\n<p>Jo, absolut makt att p\u00e5verka. Men det var en makt utan ansvar, brukar jag numera tr\u00f6tt svara.<\/p>\n<p><strong>Som riksdagsledamot har<\/strong> jag tillg\u00e5ng till m\u00e5nga fler arenor. Okej, tv-sofforna \u00e4r f\u00e4rre, liksom inbjudningarna till studioprat i radiohuset. Men jag \u00e4r aktiv i partiarbetet p\u00e5 gator och torg tillsammans med partikompisarna i <a href=\"http:\/\/moderaterna.net\/hogalid\/\">H\u00f6galidsf\u00f6reningen<\/a>\u00a0p\u00e5 S\u00f6dermalm och &#8211; tyngre \u00e4nd\u00e5 &#8211; jag ing\u00e5r i den moderata riksdagsgruppen. N\u00e4r s\u00e5 beh\u00f6vs anv\u00e4nder jag min taler\u00e4tt vid gruppens veckovisa sammantr\u00e4den d\u00e4r \u00e4ven ansvariga M-statsr\u00e5d och f\u00f6r det mesta ocks\u00e5 statsministern medverkar.<\/p>\n<p>En annan viktig arena f\u00f6r en politisk varelse som jag, \u00e4r tisdagarnas och torsdagarnas sammantr\u00e4den med &#8211; i mitt fall &#8211; Skatteutskottet. D\u00e4r hanterar vi regeringens f\u00f6rslag till \u00e4ndrad eller ny skattelagstiftning och nej, vi ledam\u00f6ter fr\u00e5n h\u00f6ger till v\u00e4nster \u00e4r l\u00e5ngt ifr\u00e5n alltid \u00f6verens. F\u00f6r oss alliansledam\u00f6ter g\u00e4ller det att med skarpa argument och en dos v\u00e4ltalighet (jod\u00e5, jag kan) f\u00f6rsvara regeringens linje i debatten i kammaren innan den g\u00e5r till beslut, vilket vanligtvis sker kl 16.00 p\u00e5 onsdagar.<\/p>\n<p><strong>Inrutat och formalistiskt? Ja,<\/strong> om man bara ser till den schemalagda hanteringen i riksdagshuset. Sj\u00e4lvklart f\u00f6ljer med riksdagsuppdraget ocks\u00e5 en m\u00e4ngd andra in- och ut\u00e5triktade aktiviteter.<\/p>\n<p>Och om jag ska vara \u00e4rlig, inget i mitt hittillsvarande yrkesliv har g\u00e5tt upp mot att\u00a0f\u00e5 \u00e4ntra riksdagens talarstol. Det \u00e4r ingen tr\u00e4ngsel i b\u00e4nkraderna under riksdagsdebatterna och antalet som i efterhand l\u00e4ser riksdagsprotokollet \u00e4r knappast heller s\u00e4kert stort. Men hyggligt m\u00e5nga <a href=\"http:\/\/www.riksdagen.se\/sv\/Debatter--beslut\/\">(hundra)tusen<\/a> f\u00f6ljer riksdagens webbs\u00e4ndningar!<\/p>\n<p><strong>Men vad som betyder mest<\/strong>\u00a0f\u00f6r mig \u00e4r att jag som\u00a0politiskt vald f\u00f6retr\u00e4dare f\u00f6r moderata v\u00e4ljare i min valkrets Stockholms stad faktiskt har en plats i Sveriges h\u00f6gsta beslutande och lagstiftande f\u00f6rsamling.\u00a0Jag p\u00e5minner mig om det efter att ha l\u00e4st det\u00a0<a href=\"http:\/\/www.svd.se\/nyheter\/inrikes\/juholt-en-av-fem-som-inte-sagt-ett-ljud_8590930.svd\">h\u00e4r.<\/a>\u00a0Kanske borde fler p\u00e5minna sig?<\/p>\n","protected":false},"excerpt":{"rendered":"<p>Det har g\u00e5tt \u00a0fyra \u00e5r sedan jag slutade som ledarskribent p\u00e5 SvD f\u00f6r att kandidera till riksdagen. Och i h\u00f6st har jag allts\u00e5 meddelat min partif\u00f6rening att jag \u00e4r beredd att l\u00e5ta mig v\u00e4ljas om f\u00f6r ytterligare en mandatperiod. Men fortfarande \u00e4r den vanligaste fr\u00e5gan som jag f\u00e5r om jag inte saknar tiden som ledarskribent.&hellip;<\/p>\n<p class=\"more-link-p\"><a class=\"more-link\" href=\"https:\/\/www.mariaabrahamsson.nu\/index.php\/2013\/10\/08\/anvand-rosten-i-sveriges-hogsta-beslutande-forsamling\/\">Read more &rarr;<\/a><\/p>\n","protected":false},"author":2,"featured_media":0,"comment_status":"open","ping_status":"open","sticky":false,"template":"","format":"standard","meta":{"footnotes":""},"categories":[1],"tags":[],"class_list":["post-9682","post","type-post","status-publish","format-standard","hentry","category-uncategorized"],"_links":{"self":[{"href":"https:\/\/www.mariaabrahamsson.nu\/index.php\/wp-json\/wp\/v2\/posts\/9682","targetHints":{"allow":["GET"]}}],"collection":[{"href":"https:\/\/www.mariaabrahamsson.nu\/index.php\/wp-json\/wp\/v2\/posts"}],"about":[{"href":"https:\/\/www.mariaabrahamsson.nu\/index.php\/wp-json\/wp\/v2\/types\/post"}],"author":[{"embeddable":true,"href":"https:\/\/www.mariaabrahamsson.nu\/index.php\/wp-json\/wp\/v2\/users\/2"}],"replies":[{"embeddable":true,"href":"https:\/\/www.mariaabrahamsson.nu\/index.php\/wp-json\/wp\/v2\/comments?post=9682"}],"version-history":[{"count":0,"href":"https:\/\/www.mariaabrahamsson.nu\/index.php\/wp-json\/wp\/v2\/posts\/9682\/revisions"}],"wp:attachment":[{"href":"https:\/\/www.mariaabrahamsson.nu\/index.php\/wp-json\/wp\/v2\/media?parent=9682"}],"wp:term":[{"taxonomy":"category","embeddable":true,"href":"https:\/\/www.mariaabrahamsson.nu\/index.php\/wp-json\/wp\/v2\/categories?post=9682"},{"taxonomy":"post_tag","embeddable":true,"href":"https:\/\/www.mariaabrahamsson.nu\/index.php\/wp-json\/wp\/v2\/tags?post=9682"}],"curies":[{"name":"wp","href":"https:\/\/api.w.org\/{rel}","templated":true}]}}