{"id":9673,"date":"2013-10-08T15:22:09","date_gmt":"2013-10-08T13:22:09","guid":{"rendered":"http:\/\/www.mariaabrahamsson.nu\/?p=9673"},"modified":"2013-10-08T15:25:46","modified_gmt":"2013-10-08T13:25:46","slug":"ska-jag-ska-jag-inte-varfor-inte","status":"publish","type":"post","link":"https:\/\/www.mariaabrahamsson.nu\/index.php\/2013\/10\/08\/ska-jag-ska-jag-inte-varfor-inte\/","title":{"rendered":"Ska jag, ska jag inte &#8230; varf\u00f6r inte?"},"content":{"rendered":"<p><strong>Ska jag, ska jag inte?\u00a0<\/strong><\/p>\n<p><strong><\/strong>Men s\u00e5 best\u00e4mmer jag mig. Den h\u00e4r mejladressen\u00a0i kommentarsf\u00e4ltet (lundmarkb@hotmail.com)\u00a0b\u00f6r fler f\u00e5 stifta kontakt med:<\/p>\n<p><strong>Kommentar 1:<\/strong><em id=\"__mceDel\"><strong>\u00a0&#8221;<\/strong><\/em>Jag \u00e4r helt \u00f6vertygad om att du Maria \u201cSidensvansen\u201d Abrahamsson inte m\u00e5r bra.\u00a0Du hatar vilket syns p\u00e5 dina olika skrivna texter.\u00a0Skaffa dig ett liv.&#8221;<\/p>\n<p><strong>Kommentar 2: &#8221;<\/strong>Visst skenade fantasin iv\u00e4g lite v\u00e4l frisk f\u00f6r\u00a0Sidensvansen denna g\u00e5ng.\u00a0B\u00f6rja j\u00e4mf\u00f6ra Sossarna med det som sker i USA (aprop\u00e5 den h\u00e4r <a href=\"http:\/\/www.mariaabrahamsson.nu\/index.php\/2013\/10\/06\/ska-s-agera-teapartyrorelse-i-kvall-ocksa\/\">bloggposten,<\/a> <em>min anm<\/em>.) \u00e4r v\u00e4l \u00e4nd\u00e5 lite v\u00e4l \u00f6verdrivet.\u00a0Kan det ha med Sidenssvansens karakt\u00e4r Enligt Wikipeda \u00e4r den stor som en stare men upplevs st\u00f6rre d\u00e5 den har en kompakt kropp med tjock hals och stort huvud.\u00a0Vi f\u00e5r ha \u00f6verse\u00e9nde.&#8221;<\/p>\n","protected":false},"excerpt":{"rendered":"<p>Ska jag, ska jag inte?\u00a0 Men s\u00e5 best\u00e4mmer jag mig. Den h\u00e4r mejladressen\u00a0i kommentarsf\u00e4ltet (lundmarkb@hotmail.com)\u00a0b\u00f6r fler f\u00e5 stifta kontakt med: Kommentar 1:\u00a0&#8221;Jag \u00e4r helt \u00f6vertygad om att du Maria \u201cSidensvansen\u201d Abrahamsson inte m\u00e5r bra.\u00a0Du hatar vilket syns p\u00e5 dina olika skrivna texter.\u00a0Skaffa dig ett liv.&#8221; Kommentar 2: &#8221;Visst skenade fantasin iv\u00e4g lite v\u00e4l frisk f\u00f6r\u00a0Sidensvansen&hellip;<\/p>\n<p class=\"more-link-p\"><a class=\"more-link\" href=\"https:\/\/www.mariaabrahamsson.nu\/index.php\/2013\/10\/08\/ska-jag-ska-jag-inte-varfor-inte\/\">Read more &rarr;<\/a><\/p>\n","protected":false},"author":2,"featured_media":0,"comment_status":"open","ping_status":"open","sticky":false,"template":"","format":"standard","meta":{"footnotes":""},"categories":[1],"tags":[],"class_list":["post-9673","post","type-post","status-publish","format-standard","hentry","category-uncategorized"],"_links":{"self":[{"href":"https:\/\/www.mariaabrahamsson.nu\/index.php\/wp-json\/wp\/v2\/posts\/9673","targetHints":{"allow":["GET"]}}],"collection":[{"href":"https:\/\/www.mariaabrahamsson.nu\/index.php\/wp-json\/wp\/v2\/posts"}],"about":[{"href":"https:\/\/www.mariaabrahamsson.nu\/index.php\/wp-json\/wp\/v2\/types\/post"}],"author":[{"embeddable":true,"href":"https:\/\/www.mariaabrahamsson.nu\/index.php\/wp-json\/wp\/v2\/users\/2"}],"replies":[{"embeddable":true,"href":"https:\/\/www.mariaabrahamsson.nu\/index.php\/wp-json\/wp\/v2\/comments?post=9673"}],"version-history":[{"count":0,"href":"https:\/\/www.mariaabrahamsson.nu\/index.php\/wp-json\/wp\/v2\/posts\/9673\/revisions"}],"wp:attachment":[{"href":"https:\/\/www.mariaabrahamsson.nu\/index.php\/wp-json\/wp\/v2\/media?parent=9673"}],"wp:term":[{"taxonomy":"category","embeddable":true,"href":"https:\/\/www.mariaabrahamsson.nu\/index.php\/wp-json\/wp\/v2\/categories?post=9673"},{"taxonomy":"post_tag","embeddable":true,"href":"https:\/\/www.mariaabrahamsson.nu\/index.php\/wp-json\/wp\/v2\/tags?post=9673"}],"curies":[{"name":"wp","href":"https:\/\/api.w.org\/{rel}","templated":true}]}}