{"id":9656,"date":"2013-09-29T23:43:00","date_gmt":"2013-09-29T21:43:00","guid":{"rendered":"http:\/\/www.mariaabrahamsson.nu\/?p=9656"},"modified":"2013-09-29T23:47:22","modified_gmt":"2013-09-29T21:47:22","slug":"sag-vardegrund-och-ingen-kunde-ha-brytt-sig-mindre","status":"publish","type":"post","link":"https:\/\/www.mariaabrahamsson.nu\/index.php\/2013\/09\/29\/sag-vardegrund-och-ingen-kunde-ha-brytt-sig-mindre\/","title":{"rendered":"S\u00e4g v\u00e4rdegrund och ingen kunde ha brytt sig mindre"},"content":{"rendered":"<p><strong>Efter veckans<\/strong>\u00a0<a href=\"http:\/\/www.dn.se\/stories\/polisens-registrering-av-romer\/\">DN-avsl\u00f6jande<\/a>\u00a0om Sk\u00e5nepolisens registrering av tusentals romer\u00a0f\u00f6ljer tidningen upp med en granskning av\u00a0<a href=\"http:\/\/www.dn.se\/nyheter\/sverige\/polisens-vardegrundsarbete-doms-ut\/\">polisens v\u00e4rdegrundsarbete.<\/a>\u00a0Betyg: Dyrt f\u00f6r skattebetalarna och &#8211; tja &#8211; meningsl\u00f6st. Det var ingen \u00f6verraskning f\u00f6r mig precis, som framg\u00e5r\u00a0<a href=\"http:\/\/www.mariaabrahamsson.nu\/index.php\/2011\/02\/06\/kanonbra-rikspolischefen-men-skippa-den-dar-vardegrunden\/\">h\u00e4r<\/a>,\u00a0<a href=\"http:\/\/www.mariaabrahamsson.nu\/index.php\/2009\/11\/16\/kling-och-klang-och-vardegrunden\/\">h\u00e4r,<\/a>\u00a0<a href=\"http:\/\/www.svd.se\/opinion\/ledarsidan\/apajaveln-och-blattajavlar-passar-inte-in_2438723.svd\">h\u00e4r\u00a0<\/a>och\u00a0<a href=\"http:\/\/www.svd.se\/opinion\/ledarsidan\/pa-tal-om-att-signalera-attityder_2289841.svd\">h\u00e4r<\/a>.<\/p>\n<p>Det \u00e4r sant. Talet om v\u00e4rdegrunder p\u00e5 l\u00e4ngden och tv\u00e4ren, kors och tv\u00e4rs genom samh\u00e4llskroppen och Myndighetssverige, har inte imponerat p\u00e5 mig.\u00a0\u00a0Ord, ord, ord, men f\u00f6rtvivlat lite inneh\u00e5ll. Men s\u00e5 i somras under politikerveckan i Visby st\u00f6tte jag ihop med\u00a0l\u00e4raren och forskaren\u00a0<a href=\"http:\/\/www.cul.gu.se\/aktuellt\/nyheter\/Nyheter_detalj\/tanka-fritt-eller-tanka-ratt-i-skolan-.cid1172350\">Anna-Karin Wyndhamn<\/a>.<\/p>\n<p><strong>Wyndhamn gjorde reklam<\/strong> f\u00f6r sin avhandling,\u00a0<em><a href=\"https:\/\/gupea.ub.gu.se\/handle\/2077\/32676\">T\u00e4nk fritt, t\u00e4nk r\u00e4tt &#8211; En studie om v\u00e4rde\u00f6verf\u00f6ring och kritiskt t\u00e4nkande i gymnasieskolans undervisning<\/a>,\u00a0<\/em>som hon d\u00e4refter skickade till mig.<em>\u00a0<\/em>Varmt tack f\u00f6r den!<\/p>\n<p>Det finns mycket tankev\u00e4ckande att kommentera i Wyndhamns unders\u00f6kning. Sj\u00e4lv har jag framf\u00f6r allt fastnat f\u00f6r vad som s\u00e4gs utg\u00f6ra &#8221;ett gemensamt k\u00e4nnetecken&#8221; f\u00f6r\u00a0<em>n\u00e4r<\/em>\u00a0l\u00e4rare och skolledningar drar ig\u00e5ng v\u00e4rdegrundsdiskussionerna. Det sker &#8211; i samtliga unders\u00f6kta fall &#8211; f\u00f6rst n\u00e4r n\u00e5gon eller n\u00e5gra elever i ord eller handling\u00a0<em>har<\/em>\u00a0brutit mot skolans v\u00e4rdesystem och regler. En l\u00e4rare l\u00e5ter f\u00f6rst\u00e5 att talet om v\u00e4rdegrundsarbetet f\u00f6rsk\u00f6nar vad det egentligen handlar om. I st\u00e4llet f\u00f6r att tydligt tala om vilka uppf\u00f6randeregler som g\u00e4ller i skolan, tassar l\u00e4rarna runt och resonerar med eleverna om &#8221;f\u00f6rh\u00e5llningss\u00e4tt&#8221;.<\/p>\n<p><strong>Gemensamt f\u00f6r v\u00e4rdegrundsarbete<\/strong> inom i vart fall skola och polis tycks allts\u00e5 vara att det kr\u00e4vs ett tydligt brott mot den antagna, med l\u00e4pparna erk\u00e4nda v\u00e4rdegrunden f\u00f6r att det interna v\u00e4rdegrundsarbetet ska ticka ig\u00e5ng.<\/p>\n<p>Tidigare i h\u00f6st gjorde jag en studieresa till bl a Auschwitz-Birkenau, hemma igen skev jag om <a href=\"http:\/\/www.mariaabrahamsson.nu\/index.php\/2013\/09\/07\/manniskor-maste-overleva-for-att-kunna-beratta\/\">intryck och funderingar.<\/a>\u00a0En professor h\u00f6rde av sig och p\u00e5pekade i en kommentar att f\u00f6rf\u00f6ljelserna av judar under kriget var uteslutande tyskarnas ansvar, och mitt blogginl\u00e4gg d\u00e4rf\u00f6r f\u00f6rol\u00e4mpande mot polackerna.\u00a0Jag kom att t\u00e4nka p\u00e5 professorn under den skakande l\u00e4sningen i<a href=\"http:\/\/www.svd.se\/kultur\/scen\/helvetesvandring-bland-det-omanskliga_8562670.svd\"> SvD<\/a>\u00a0om en obeskrivligt ond h\u00e4ndelse i det ockuperade Polen. De som begick dessa grymheter befann sig ljus\u00e5r fr\u00e5n id\u00e9n om alla m\u00e4nniskors lika v\u00e4rde.\u00a0N\u00e5gon som skulle komma p\u00e5 tanken att applicera begreppet &#8221;bristande v\u00e4rdegrund\u201d?<\/p>\n","protected":false},"excerpt":{"rendered":"<p>Efter veckans\u00a0DN-avsl\u00f6jande\u00a0om Sk\u00e5nepolisens registrering av tusentals romer\u00a0f\u00f6ljer tidningen upp med en granskning av\u00a0polisens v\u00e4rdegrundsarbete.\u00a0Betyg: Dyrt f\u00f6r skattebetalarna och &#8211; tja &#8211; meningsl\u00f6st. Det var ingen \u00f6verraskning f\u00f6r mig precis, som framg\u00e5r\u00a0h\u00e4r,\u00a0h\u00e4r,\u00a0h\u00e4r\u00a0och\u00a0h\u00e4r. Det \u00e4r sant. Talet om v\u00e4rdegrunder p\u00e5 l\u00e4ngden och tv\u00e4ren, kors och tv\u00e4rs genom samh\u00e4llskroppen och Myndighetssverige, har inte imponerat p\u00e5 mig.\u00a0\u00a0Ord, ord, ord,&hellip;<\/p>\n<p class=\"more-link-p\"><a class=\"more-link\" href=\"https:\/\/www.mariaabrahamsson.nu\/index.php\/2013\/09\/29\/sag-vardegrund-och-ingen-kunde-ha-brytt-sig-mindre\/\">Read more &rarr;<\/a><\/p>\n","protected":false},"author":2,"featured_media":0,"comment_status":"open","ping_status":"open","sticky":false,"template":"","format":"standard","meta":{"footnotes":""},"categories":[1],"tags":[],"class_list":["post-9656","post","type-post","status-publish","format-standard","hentry","category-uncategorized"],"_links":{"self":[{"href":"https:\/\/www.mariaabrahamsson.nu\/index.php\/wp-json\/wp\/v2\/posts\/9656","targetHints":{"allow":["GET"]}}],"collection":[{"href":"https:\/\/www.mariaabrahamsson.nu\/index.php\/wp-json\/wp\/v2\/posts"}],"about":[{"href":"https:\/\/www.mariaabrahamsson.nu\/index.php\/wp-json\/wp\/v2\/types\/post"}],"author":[{"embeddable":true,"href":"https:\/\/www.mariaabrahamsson.nu\/index.php\/wp-json\/wp\/v2\/users\/2"}],"replies":[{"embeddable":true,"href":"https:\/\/www.mariaabrahamsson.nu\/index.php\/wp-json\/wp\/v2\/comments?post=9656"}],"version-history":[{"count":0,"href":"https:\/\/www.mariaabrahamsson.nu\/index.php\/wp-json\/wp\/v2\/posts\/9656\/revisions"}],"wp:attachment":[{"href":"https:\/\/www.mariaabrahamsson.nu\/index.php\/wp-json\/wp\/v2\/media?parent=9656"}],"wp:term":[{"taxonomy":"category","embeddable":true,"href":"https:\/\/www.mariaabrahamsson.nu\/index.php\/wp-json\/wp\/v2\/categories?post=9656"},{"taxonomy":"post_tag","embeddable":true,"href":"https:\/\/www.mariaabrahamsson.nu\/index.php\/wp-json\/wp\/v2\/tags?post=9656"}],"curies":[{"name":"wp","href":"https:\/\/api.w.org\/{rel}","templated":true}]}}