{"id":9477,"date":"2013-07-10T23:10:15","date_gmt":"2013-07-10T21:10:15","guid":{"rendered":"http:\/\/www.mariaabrahamsson.nu\/?p=9477"},"modified":"2013-07-10T23:22:41","modified_gmt":"2013-07-10T21:22:41","slug":"wallenberg-var-en-sann-hjalte-men-varfor-radera-arlanda","status":"publish","type":"post","link":"https:\/\/www.mariaabrahamsson.nu\/index.php\/2013\/07\/10\/wallenberg-var-en-sann-hjalte-men-varfor-radera-arlanda\/","title":{"rendered":"Wallenberg var en sann hj\u00e4lte, men varf\u00f6r radera Arlanda?"},"content":{"rendered":"<p><strong>Arlanda b\u00f6r d\u00f6pas om<\/strong> till Raoul Wallenberg Airport skriver 36 mer eller mindre namnkunniga personer p\u00e5 <a href=\"http:\/\/www.dn.se\/debatt\/dop-om-arlanda-till-raoul-wallenberg-airport\/\">DN Debatt<\/a>.<\/p>\n<p>Syftet s\u00e4gs vara att skicka &#8221;en viktig signal mot antisemitism och rasism&#8221;. L\u00e5ter fint, men sj\u00e4lv undrar jag om det inte finns b\u00e4ttre s\u00e4tt att motverka s\u00e5dant \u00e4n att byta namn p\u00e5 internationellt k\u00e4nda platser.<\/p>\n<p><strong>Den sortens signalpolitik<\/strong> har inte alltid slutat lyckligt. I USA d\u00f6ptes rymdraketomr\u00e5det Cape Canaveral i Florida om till Cape Kennedy f\u00f6r att hedra den m\u00f6rdade presidenten. Men redan efter 10 \u00e5r \u00e5terfick omr\u00e5det sitt gamla namn. Inte f\u00f6r att \u00a0floridaborna hade n\u00e5got emot John F Kennedy, men de gillade inte namnbytet.<\/p>\n<p>Wallenberg var en sann hj\u00e4lte, men \u00e4r han och de ideal han stod f\u00f6r betj\u00e4nta av att det \u00f6ver hela v\u00e4rlden k\u00e4nda namnet Arlanda raderas fr\u00e5n kartan?<\/p>\n","protected":false},"excerpt":{"rendered":"<p>Arlanda b\u00f6r d\u00f6pas om till Raoul Wallenberg Airport skriver 36 mer eller mindre namnkunniga personer p\u00e5 DN Debatt. Syftet s\u00e4gs vara att skicka &#8221;en viktig signal mot antisemitism och rasism&#8221;. L\u00e5ter fint, men sj\u00e4lv undrar jag om det inte finns b\u00e4ttre s\u00e4tt att motverka s\u00e5dant \u00e4n att byta namn p\u00e5 internationellt k\u00e4nda platser. Den sortens&hellip;<\/p>\n<p class=\"more-link-p\"><a class=\"more-link\" href=\"https:\/\/www.mariaabrahamsson.nu\/index.php\/2013\/07\/10\/wallenberg-var-en-sann-hjalte-men-varfor-radera-arlanda\/\">Read more &rarr;<\/a><\/p>\n","protected":false},"author":2,"featured_media":0,"comment_status":"open","ping_status":"open","sticky":false,"template":"","format":"standard","meta":{"footnotes":""},"categories":[1],"tags":[],"class_list":["post-9477","post","type-post","status-publish","format-standard","hentry","category-uncategorized"],"_links":{"self":[{"href":"https:\/\/www.mariaabrahamsson.nu\/index.php\/wp-json\/wp\/v2\/posts\/9477","targetHints":{"allow":["GET"]}}],"collection":[{"href":"https:\/\/www.mariaabrahamsson.nu\/index.php\/wp-json\/wp\/v2\/posts"}],"about":[{"href":"https:\/\/www.mariaabrahamsson.nu\/index.php\/wp-json\/wp\/v2\/types\/post"}],"author":[{"embeddable":true,"href":"https:\/\/www.mariaabrahamsson.nu\/index.php\/wp-json\/wp\/v2\/users\/2"}],"replies":[{"embeddable":true,"href":"https:\/\/www.mariaabrahamsson.nu\/index.php\/wp-json\/wp\/v2\/comments?post=9477"}],"version-history":[{"count":0,"href":"https:\/\/www.mariaabrahamsson.nu\/index.php\/wp-json\/wp\/v2\/posts\/9477\/revisions"}],"wp:attachment":[{"href":"https:\/\/www.mariaabrahamsson.nu\/index.php\/wp-json\/wp\/v2\/media?parent=9477"}],"wp:term":[{"taxonomy":"category","embeddable":true,"href":"https:\/\/www.mariaabrahamsson.nu\/index.php\/wp-json\/wp\/v2\/categories?post=9477"},{"taxonomy":"post_tag","embeddable":true,"href":"https:\/\/www.mariaabrahamsson.nu\/index.php\/wp-json\/wp\/v2\/tags?post=9477"}],"curies":[{"name":"wp","href":"https:\/\/api.w.org\/{rel}","templated":true}]}}