{"id":9472,"date":"2013-07-07T21:26:55","date_gmt":"2013-07-07T19:26:55","guid":{"rendered":"http:\/\/www.mariaabrahamsson.nu\/?p=9472"},"modified":"2013-07-07T21:31:26","modified_gmt":"2013-07-07T19:31:26","slug":"cool-snubbe-slog-sig-ner-mellan-makarna-lofven","status":"publish","type":"post","link":"https:\/\/www.mariaabrahamsson.nu\/index.php\/2013\/07\/07\/cool-snubbe-slog-sig-ner-mellan-makarna-lofven\/","title":{"rendered":"Cool snubbe slog sig ner mellan makarna L\u00f6fven"},"content":{"rendered":"<p><strong>S\u00e5 fick Almedalsveckan 2013 <\/strong>sin avslutning. Ombord p\u00e5 Visbyplanet mot Bromma var det kn\u00f6kfullt. Tusen hemv\u00e4ndande journalister, minst. Och platserna \u00e4r ju onumrerade s\u00e5 n\u00e4r jag steg ombord noterade jag i \u00f6gonvr\u00e5n att d\u00e4r p\u00e5 f\u00f6rsta raden l\u00e4ngst fram till v\u00e4nster fanns det en ledig stol mellan &#8230; S-ledaren Stefan L\u00f6fven och hustrun. Sk\u00f6nt med utrymme, t\u00e4nkte jag och svalde fr\u00e5gan om man kunde sl\u00e5 sig ner d\u00e4r.<\/p>\n<p>Men s\u00e5 n\u00e5gra steg efter mig kommer det en snubbe vem som helst och pekar p\u00e5 den tomma stolen och jod\u00e5, Stefan L\u00f6fven makar p\u00e5 sig och ger plats. Symboliken ska inte \u00f6verdrivas men n\u00e5got s\u00e4ger den kanske \u00e4nd\u00e5 om L\u00f6fvens regeringsbildningsplaner?<\/p>\n<p><strong>Var lugna &#8211; jag t\u00e4nker inte<\/strong> h\u00e4r och nu i Stockholmskv\u00e4llens 27 grader i balkongskuggan f\u00f6rdjupa mig mer i detaljerna om vad jag h\u00f6rde och s\u00e5g och delvis sj\u00e4lv bidrog med i Almedalen i form av debatter om l\u00e4kemedel i missbruksv\u00e5rden och k\u00f6nsobalansen i privata bolagsstyrelser, bes\u00f6k hos PR-akuten, meningsfullt j\u00e4mst\u00e4lldhetstjat med Schyman, middag med s\u00e4rintresse om 3:12-reglerna, tr\u00e4dg\u00e5rdslunch med annat s\u00e4rintresse om reklamskatten, diktanalys i P1, cykelrunda med maken p\u00e5 F\u00e5r\u00f6, nedslag p\u00e5 Furillen,\u00a0mingel med Biskopen, \u00e5terseende och kul samtal med Thomas Bodstr\u00f6m,\u00a0grillmat med risk- och tillv\u00e4xtf\u00f6retagare, och en hel del annat t\u00e4nkv\u00e4rt att h\u00e5lla kvar i minnet &#8211; eller gl\u00f6mma &#8211; inf\u00f6r h\u00f6stens allm\u00e4nna motionsperiod i riksdagen.<\/p>\n<p>Kul har det varit!<\/p>\n","protected":false},"excerpt":{"rendered":"<p>S\u00e5 fick Almedalsveckan 2013 sin avslutning. Ombord p\u00e5 Visbyplanet mot Bromma var det kn\u00f6kfullt. Tusen hemv\u00e4ndande journalister, minst. Och platserna \u00e4r ju onumrerade s\u00e5 n\u00e4r jag steg ombord noterade jag i \u00f6gonvr\u00e5n att d\u00e4r p\u00e5 f\u00f6rsta raden l\u00e4ngst fram till v\u00e4nster fanns det en ledig stol mellan &#8230; S-ledaren Stefan L\u00f6fven och hustrun. Sk\u00f6nt med&hellip;<\/p>\n<p class=\"more-link-p\"><a class=\"more-link\" href=\"https:\/\/www.mariaabrahamsson.nu\/index.php\/2013\/07\/07\/cool-snubbe-slog-sig-ner-mellan-makarna-lofven\/\">Read more &rarr;<\/a><\/p>\n","protected":false},"author":2,"featured_media":0,"comment_status":"open","ping_status":"open","sticky":false,"template":"","format":"standard","meta":{"footnotes":""},"categories":[1],"tags":[],"class_list":["post-9472","post","type-post","status-publish","format-standard","hentry","category-uncategorized"],"_links":{"self":[{"href":"https:\/\/www.mariaabrahamsson.nu\/index.php\/wp-json\/wp\/v2\/posts\/9472","targetHints":{"allow":["GET"]}}],"collection":[{"href":"https:\/\/www.mariaabrahamsson.nu\/index.php\/wp-json\/wp\/v2\/posts"}],"about":[{"href":"https:\/\/www.mariaabrahamsson.nu\/index.php\/wp-json\/wp\/v2\/types\/post"}],"author":[{"embeddable":true,"href":"https:\/\/www.mariaabrahamsson.nu\/index.php\/wp-json\/wp\/v2\/users\/2"}],"replies":[{"embeddable":true,"href":"https:\/\/www.mariaabrahamsson.nu\/index.php\/wp-json\/wp\/v2\/comments?post=9472"}],"version-history":[{"count":0,"href":"https:\/\/www.mariaabrahamsson.nu\/index.php\/wp-json\/wp\/v2\/posts\/9472\/revisions"}],"wp:attachment":[{"href":"https:\/\/www.mariaabrahamsson.nu\/index.php\/wp-json\/wp\/v2\/media?parent=9472"}],"wp:term":[{"taxonomy":"category","embeddable":true,"href":"https:\/\/www.mariaabrahamsson.nu\/index.php\/wp-json\/wp\/v2\/categories?post=9472"},{"taxonomy":"post_tag","embeddable":true,"href":"https:\/\/www.mariaabrahamsson.nu\/index.php\/wp-json\/wp\/v2\/tags?post=9472"}],"curies":[{"name":"wp","href":"https:\/\/api.w.org\/{rel}","templated":true}]}}