{"id":9413,"date":"2013-06-24T21:10:35","date_gmt":"2013-06-24T19:10:35","guid":{"rendered":"http:\/\/www.mariaabrahamsson.nu\/?p=9413"},"modified":"2013-06-24T22:10:47","modified_gmt":"2013-06-24T20:10:47","slug":"sodertaljecirkusen-del-2-tolv-ars-fangelse-och-sen-fagelfri","status":"publish","type":"post","link":"https:\/\/www.mariaabrahamsson.nu\/index.php\/2013\/06\/24\/sodertaljecirkusen-del-2-tolv-ars-fangelse-och-sen-fagelfri\/","title":{"rendered":"S\u00f6dert\u00e4ljecirkus del 2: Tolv \u00e5rs f\u00e4ngelse och sen f\u00e5gelfri"},"content":{"rendered":"<p><strong>D\u00f6md av S\u00f6dert\u00e4lje tingsr\u00e4tt<\/strong> efter en maratonr\u00e4tteg\u00e5ng till 12 \u00e5rs f\u00e4ngelse f\u00f6r medhj\u00e4lp till mord, utpressning och olaga tv\u00e5ng. P\u00e5 grund av en\u00a0<a href=\"http:\/\/www.dagensjuridik.se\/2012\/10\/hela-sodertaljemalet-maste-tas-om-namndeman-som-satt-i-polisnamnden-var-javig\">j\u00e4vig n\u00e4mndeman<\/a>\u00a0tas r\u00e4tteg\u00e5ngen d\u00e4refter om. Ny maratonr\u00e4tteg\u00e5ng i samma instans leder till att mannen i dag\u00a0<a href=\"http:\/\/www.dn.se\/sthlm\/man-atalad-i-sodertaljemalet-slapps\/\">sl\u00e4pps<\/a>\u00a0ur h\u00e4ktet och sannolikt kommer att frik\u00e4nnas f\u00f6r de allvarligaste brotten.<\/p>\n<p>I morgon \u00f6verl\u00e4mnar lagman Inger S\u00f6derholm <a href=\"http:\/\/www.riksdagen.se\/sv\/Dokument-Lagar\/Utredningar\/Kommittedirektiv\/Ett-modernt-namndemannasystem_DIR2012;51\/\">N\u00e4mndemannautredningen<\/a> till justitieministern. F\u00f6rhoppningsvis inneb\u00e4r utredningens f\u00f6rslag en mer verklighetsanpassad syn p\u00e5 n\u00e4mndemannasystemet, precis som lagman Stefan Str\u00f6mbergs f\u00f6rslag h\u00e4romm\u00e5naden om minskat inflytande f\u00f6r n\u00e4mndem\u00e4nnen (utvecklas n\u00e4rmare p\u00e5 sidan 691 i Str\u00f6mbergs bet\u00e4nkande, som kan l\u00e4sas <a href=\"http:\/\/www.regeringen.se\/content\/1\/c6\/21\/38\/13\/3b30af85.pdf\">h\u00e4r<\/a>).<\/p>\n<p><strong>Men oavsett resultatet av dessa utredningar<\/strong> &#8211; h\u00e5ll med om att det skadar tilltron till r\u00e4ttsv\u00e4sendet\u00a0att en misst\u00e4nkt person f\u00f6rst d\u00f6ms till 12 \u00e5rs f\u00e4ngelse i tingsr\u00e4tten och sedan efter \u00e4nnu en r\u00e4tteg\u00e5ng sl\u00e4pps p\u00e5 fri fot av samma tingsr\u00e4tt, denna g\u00e5ng med en ny upps\u00e4ttning n\u00e4mndem\u00e4n i r\u00e4tten.<\/p>\n<p>I sinom tid kan en tredje maratonr\u00e4tteg\u00e5ng inledas, i Svea hovr\u00e4tt, ocks\u00e5 d\u00e5 med medverkan av n\u00e4mndem\u00e4n. F\u00f6r r\u00e4ttss\u00e4kerhetens skull hoppas jag innerligt att ordningen med outbildade lekm\u00e4n som domare i brottm\u00e5l snart hamnar p\u00e5 historiens soph\u00f6g. Maria Ferms\u00a0<a href=\"http:\/\/www.svd.se\/opinion\/brannpunkt\/det-behovs-fler-namndeman-inte-farre_8288082.svd\">pl\u00e4dering<\/a>\u00a0f\u00f6r fler (!) n\u00e4mndem\u00e4n i domstolarna \u00e4r h\u00e4pnadsv\u00e4ckande, och \u00e4nnu ett sk\u00e4l till att inte r\u00f6sta p\u00e5 Milj\u00f6partiet.<\/p>\n","protected":false},"excerpt":{"rendered":"<p>D\u00f6md av S\u00f6dert\u00e4lje tingsr\u00e4tt efter en maratonr\u00e4tteg\u00e5ng till 12 \u00e5rs f\u00e4ngelse f\u00f6r medhj\u00e4lp till mord, utpressning och olaga tv\u00e5ng. P\u00e5 grund av en\u00a0j\u00e4vig n\u00e4mndeman\u00a0tas r\u00e4tteg\u00e5ngen d\u00e4refter om. Ny maratonr\u00e4tteg\u00e5ng i samma instans leder till att mannen i dag\u00a0sl\u00e4pps\u00a0ur h\u00e4ktet och sannolikt kommer att frik\u00e4nnas f\u00f6r de allvarligaste brotten. I morgon \u00f6verl\u00e4mnar lagman Inger S\u00f6derholm N\u00e4mndemannautredningen&hellip;<\/p>\n<p class=\"more-link-p\"><a class=\"more-link\" href=\"https:\/\/www.mariaabrahamsson.nu\/index.php\/2013\/06\/24\/sodertaljecirkusen-del-2-tolv-ars-fangelse-och-sen-fagelfri\/\">Read more &rarr;<\/a><\/p>\n","protected":false},"author":2,"featured_media":0,"comment_status":"open","ping_status":"open","sticky":false,"template":"","format":"standard","meta":{"footnotes":""},"categories":[1],"tags":[],"class_list":["post-9413","post","type-post","status-publish","format-standard","hentry","category-uncategorized"],"_links":{"self":[{"href":"https:\/\/www.mariaabrahamsson.nu\/index.php\/wp-json\/wp\/v2\/posts\/9413","targetHints":{"allow":["GET"]}}],"collection":[{"href":"https:\/\/www.mariaabrahamsson.nu\/index.php\/wp-json\/wp\/v2\/posts"}],"about":[{"href":"https:\/\/www.mariaabrahamsson.nu\/index.php\/wp-json\/wp\/v2\/types\/post"}],"author":[{"embeddable":true,"href":"https:\/\/www.mariaabrahamsson.nu\/index.php\/wp-json\/wp\/v2\/users\/2"}],"replies":[{"embeddable":true,"href":"https:\/\/www.mariaabrahamsson.nu\/index.php\/wp-json\/wp\/v2\/comments?post=9413"}],"version-history":[{"count":0,"href":"https:\/\/www.mariaabrahamsson.nu\/index.php\/wp-json\/wp\/v2\/posts\/9413\/revisions"}],"wp:attachment":[{"href":"https:\/\/www.mariaabrahamsson.nu\/index.php\/wp-json\/wp\/v2\/media?parent=9413"}],"wp:term":[{"taxonomy":"category","embeddable":true,"href":"https:\/\/www.mariaabrahamsson.nu\/index.php\/wp-json\/wp\/v2\/categories?post=9413"},{"taxonomy":"post_tag","embeddable":true,"href":"https:\/\/www.mariaabrahamsson.nu\/index.php\/wp-json\/wp\/v2\/tags?post=9413"}],"curies":[{"name":"wp","href":"https:\/\/api.w.org\/{rel}","templated":true}]}}