{"id":9385,"date":"2013-06-10T22:50:16","date_gmt":"2013-06-10T20:50:16","guid":{"rendered":"http:\/\/www.mariaabrahamsson.nu\/?p=9385"},"modified":"2013-06-10T22:50:23","modified_gmt":"2013-06-10T20:50:23","slug":"hen-i-fororten-behover-jobb-mer-an-en-ditflyttad-myndighet","status":"publish","type":"post","link":"https:\/\/www.mariaabrahamsson.nu\/index.php\/2013\/06\/10\/hen-i-fororten-behover-jobb-mer-an-en-ditflyttad-myndighet\/","title":{"rendered":"Hen i f\u00f6rorten beh\u00f6ver jobb mer \u00e4n en ditflyttad myndighet"},"content":{"rendered":"<p><strong>Som ledamot av<\/strong> Skatteverkets <a href=\"http:\/\/www.skatteverket.se\/omskatteverket\/omoss\/organisation\/insynsrad.4.19b9f599116a9e8ef36800012757.html\">insynsr\u00e5d <\/a>\u00e5ker jag ett par g\u00e5nger per termin till myndighetens huvudkontor i Solna, d\u00e4r numera drygt 2 000 av myndighetens 10 800 anst\u00e4llda arbetar. Tanken har faktiskt aldrig slagit mig att det \u00e4r av integrationspolitiska sk\u00e4l som Skatteverket har flyttat allt mer av sin verksamhet till Solna. Av GD <a href=\"http:\/\/www.skatteverket.se\/omskatteverket\/press\/bildbanken\/foton\/verksledningen\/ledning\/hanssoningemargeneraldirektorfotografjohanjeppsson.5.233f91f71260075abe8800026389.html\">Ingemar Hansson<\/a> har jag snarare f\u00f6rst\u00e5tt att flytten av bland annat S\u00f6dermalmskontoret fr\u00e4mst syftade till att dra ner p\u00e5 hyreskostnaden f\u00f6r att p\u00e5 s\u00e5 s\u00e4tt spara skattebetalarnas pengar. Om jag minns r\u00e4tt handlade det i runda sl\u00e4ngar om en besparing p\u00e5 sammanlagt 80 miljoner kronor som nu i st\u00e4llet kan anv\u00e4ndas till att jaga skattesmitare.<\/p>\n<p>Utlokaliseringstrenden \u00e4r tydlig. F\u00f6r inte s\u00e5 l\u00e4nge sedan l\u00e4mnade F\u00f6rs\u00e4kringskassan sitt huvudkontor (med \u00f6ver 1 000 anst\u00e4llda) i innerstadens Klarakvarter f\u00f6r <a href=\"http:\/\/www.dn.se\/sthlm\/kontorsflykt-kan-ge-city-mera-liv\/\">Telefonplan<\/a>\u00a0med cirka 50 miljoner kronor l\u00e4gre hyreskostnad f\u00f6r skattebetalarna som f\u00f6ljd.<\/p>\n<p><strong>Nu planerar integrationsminister<\/strong> Erik Ullenhag att <a href=\"http:\/\/www.dn.se\/debatt\/regeringen-utlokaliserar-do-till-tenstarinkeby\/\">utlokalisera <\/a>Diskrimineringsombudsmannen\u00a0till Tensta\/Rinkeby. Men inte f\u00f6r att s\u00e4nka hyreskostnaden utan av integrationspolitiska sk\u00e4l.<\/p>\n<p>Visst, jag inser ocks\u00e5 att utspelat kan ha sin plats i k\u00f6lvattnet efter br\u00e4nderna i Husby och annorst\u00e4des i f\u00f6rorterna. Jo, Aftonbladet Kultur hakar ju ocks\u00e5 p\u00e5 f\u00f6rortstemat om \u00e4n i <a href=\"http:\/\/www.aftonbladet.se\/kultur\/article16933953.ab\">anonymiserad form<\/a>. F\u00f6rmodligen s\u00e4krast s\u00e5.<\/p>\n<p>Men l\u00e5t oss sansa oss. T\u00e5l folk som bor i f\u00f6rorterna inte att h\u00f6ra den verkliga f\u00f6rklaringen?<\/p>\n<p>Jo, sj\u00e4lvklart\u00a0genomsk\u00e5dar<strong> <\/strong>m\u00e4nniskorna i Tensta\/Rinkeby Ullenhags bluff, och det sl\u00e5r tyv\u00e4rr inte bara tillbaka p\u00e5 honom sj\u00e4lv utan mot hela regeringen.<\/p>\n<p><strong>Underskattar inte v\u00e4ljarna <\/strong>har varit mitt r\u00e4ttesn\u00f6re sedan jag tog steget \u00f6ver till politiken och jag har inte \u00e4ndrat uppfattning. I det ligger till och fr\u00e5n en sorg &#8211; typ som i dag, f\u00f6r jag tror aldrig i livet att det \u00e4r fler myndigheter i f\u00f6rorten som beh\u00f6vs f\u00f6r att g\u00f6ra arbetsl\u00f6sa m\u00e4nniskor lyckliga utan vad som saknas \u00e4r fler riktiga jobb. Jag har n\u00e5gra funderingar p\u00e5 hur vi skapar dom, tar tacksamt emot dina tips!<\/p>\n<p>&nbsp;<\/p>\n","protected":false},"excerpt":{"rendered":"<p>Som ledamot av Skatteverkets insynsr\u00e5d \u00e5ker jag ett par g\u00e5nger per termin till myndighetens huvudkontor i Solna, d\u00e4r numera drygt 2 000 av myndighetens 10 800 anst\u00e4llda arbetar. Tanken har faktiskt aldrig slagit mig att det \u00e4r av integrationspolitiska sk\u00e4l som Skatteverket har flyttat allt mer av sin verksamhet till Solna. Av GD Ingemar Hansson&hellip;<\/p>\n<p class=\"more-link-p\"><a class=\"more-link\" href=\"https:\/\/www.mariaabrahamsson.nu\/index.php\/2013\/06\/10\/hen-i-fororten-behover-jobb-mer-an-en-ditflyttad-myndighet\/\">Read more &rarr;<\/a><\/p>\n","protected":false},"author":2,"featured_media":0,"comment_status":"open","ping_status":"open","sticky":false,"template":"","format":"standard","meta":{"footnotes":""},"categories":[1],"tags":[],"class_list":["post-9385","post","type-post","status-publish","format-standard","hentry","category-uncategorized"],"_links":{"self":[{"href":"https:\/\/www.mariaabrahamsson.nu\/index.php\/wp-json\/wp\/v2\/posts\/9385","targetHints":{"allow":["GET"]}}],"collection":[{"href":"https:\/\/www.mariaabrahamsson.nu\/index.php\/wp-json\/wp\/v2\/posts"}],"about":[{"href":"https:\/\/www.mariaabrahamsson.nu\/index.php\/wp-json\/wp\/v2\/types\/post"}],"author":[{"embeddable":true,"href":"https:\/\/www.mariaabrahamsson.nu\/index.php\/wp-json\/wp\/v2\/users\/2"}],"replies":[{"embeddable":true,"href":"https:\/\/www.mariaabrahamsson.nu\/index.php\/wp-json\/wp\/v2\/comments?post=9385"}],"version-history":[{"count":0,"href":"https:\/\/www.mariaabrahamsson.nu\/index.php\/wp-json\/wp\/v2\/posts\/9385\/revisions"}],"wp:attachment":[{"href":"https:\/\/www.mariaabrahamsson.nu\/index.php\/wp-json\/wp\/v2\/media?parent=9385"}],"wp:term":[{"taxonomy":"category","embeddable":true,"href":"https:\/\/www.mariaabrahamsson.nu\/index.php\/wp-json\/wp\/v2\/categories?post=9385"},{"taxonomy":"post_tag","embeddable":true,"href":"https:\/\/www.mariaabrahamsson.nu\/index.php\/wp-json\/wp\/v2\/tags?post=9385"}],"curies":[{"name":"wp","href":"https:\/\/api.w.org\/{rel}","templated":true}]}}