{"id":9348,"date":"2013-05-22T23:25:11","date_gmt":"2013-05-22T21:25:11","guid":{"rendered":"http:\/\/www.mariaabrahamsson.nu\/?p=9348"},"modified":"2013-05-22T23:26:34","modified_gmt":"2013-05-22T21:26:34","slug":"i-husby-kanner-man-inte-igen-ligisternas-ansikten-vad-sager-det","status":"publish","type":"post","link":"https:\/\/www.mariaabrahamsson.nu\/index.php\/2013\/05\/22\/i-husby-kanner-man-inte-igen-ligisternas-ansikten-vad-sager-det\/","title":{"rendered":"I Husby k\u00e4nner man inte igen ligisternas ansikten &#8211; vad s\u00e4ger det?"},"content":{"rendered":"<p><strong>Det \u00e4r klart att man s\u00e5 h\u00e4r i kv\u00e4llen<\/strong> funderar p\u00e5 om och hur kravallerna och br\u00e4nderna i Husby kommer att sprida sig till \u00e4nnu fler Stockholmsf\u00f6rorter i natt. F\u00f6r mig g\u00f6r sig G\u00f6teborgskravallerna i samband med det svenska EU-toppm\u00f6tet 2001 ofr\u00e5nkomligt p\u00e5mint. D\u00e5 liksom nu\u00a0konstaterar ortsbefolkningen att de som\u00a0har st\u00e5lsatt sig att f\u00f6rst\u00f6ra f\u00f6r andra, sk\u00f6vla andras egendom, till \u00f6verv\u00e4gande del \u00e4r tillresta mer eller mindre professionella ligister p\u00e5 yttersta v\u00e4nsterkanten (okej, mitt uttryck).<\/p>\n<p>Jag blev p\u00e5mind om den omst\u00e4ndigheten n\u00e4r jag i morse h\u00f6rde P1 Morgons Johar Bendjelloul <a href=\"http:\/\/sverigesradio.se\/sida\/play.aspx?ljud=4565962\">pressa\u00a0<\/a>Stockholms \u00e4ldre- och ytterstadsborgarr\u00e5d <a href=\"http:\/\/moderaterna.net\/joakim\/\">Joakim Larsson <\/a>om varf\u00f6r han inte tycker det \u00e4r fel att\u00a0bo\u00a0p\u00e5 S\u00f6dermalm &#8230; n\u00e4r det brinner i Husby?<\/p>\n<p><strong>Nej, den fr\u00e5gan har inte\u00a0<\/strong>fog f\u00f6r sig, och jag \u00e4r hyfsat s\u00e4ker p\u00e5 att P1-lyssnarna inser det. F\u00f6r annars skulle ju ansiktena p\u00e5 v\u00e5ldsverkarna i Husby vara n\u00e5gots\u00e5n\u00e4r bekanta f\u00f6r de lokalt\u00a0<a href=\"http:\/\/www.svd.se\/nyheter\/inrikes\/kravaller-pa-mammas-gata_8196770.svd\">utsatta.<\/a>\u00a0Men s\u00e5 \u00e4r det allts\u00e5 inte.<\/p>\n","protected":false},"excerpt":{"rendered":"<p>Det \u00e4r klart att man s\u00e5 h\u00e4r i kv\u00e4llen funderar p\u00e5 om och hur kravallerna och br\u00e4nderna i Husby kommer att sprida sig till \u00e4nnu fler Stockholmsf\u00f6rorter i natt. F\u00f6r mig g\u00f6r sig G\u00f6teborgskravallerna i samband med det svenska EU-toppm\u00f6tet 2001 ofr\u00e5nkomligt p\u00e5mint. D\u00e5 liksom nu\u00a0konstaterar ortsbefolkningen att de som\u00a0har st\u00e5lsatt sig att f\u00f6rst\u00f6ra f\u00f6r&hellip;<\/p>\n<p class=\"more-link-p\"><a class=\"more-link\" href=\"https:\/\/www.mariaabrahamsson.nu\/index.php\/2013\/05\/22\/i-husby-kanner-man-inte-igen-ligisternas-ansikten-vad-sager-det\/\">Read more &rarr;<\/a><\/p>\n","protected":false},"author":2,"featured_media":0,"comment_status":"open","ping_status":"open","sticky":false,"template":"","format":"standard","meta":{"footnotes":""},"categories":[1],"tags":[],"class_list":["post-9348","post","type-post","status-publish","format-standard","hentry","category-uncategorized"],"_links":{"self":[{"href":"https:\/\/www.mariaabrahamsson.nu\/index.php\/wp-json\/wp\/v2\/posts\/9348","targetHints":{"allow":["GET"]}}],"collection":[{"href":"https:\/\/www.mariaabrahamsson.nu\/index.php\/wp-json\/wp\/v2\/posts"}],"about":[{"href":"https:\/\/www.mariaabrahamsson.nu\/index.php\/wp-json\/wp\/v2\/types\/post"}],"author":[{"embeddable":true,"href":"https:\/\/www.mariaabrahamsson.nu\/index.php\/wp-json\/wp\/v2\/users\/2"}],"replies":[{"embeddable":true,"href":"https:\/\/www.mariaabrahamsson.nu\/index.php\/wp-json\/wp\/v2\/comments?post=9348"}],"version-history":[{"count":0,"href":"https:\/\/www.mariaabrahamsson.nu\/index.php\/wp-json\/wp\/v2\/posts\/9348\/revisions"}],"wp:attachment":[{"href":"https:\/\/www.mariaabrahamsson.nu\/index.php\/wp-json\/wp\/v2\/media?parent=9348"}],"wp:term":[{"taxonomy":"category","embeddable":true,"href":"https:\/\/www.mariaabrahamsson.nu\/index.php\/wp-json\/wp\/v2\/categories?post=9348"},{"taxonomy":"post_tag","embeddable":true,"href":"https:\/\/www.mariaabrahamsson.nu\/index.php\/wp-json\/wp\/v2\/tags?post=9348"}],"curies":[{"name":"wp","href":"https:\/\/api.w.org\/{rel}","templated":true}]}}