{"id":9282,"date":"2013-04-26T22:45:22","date_gmt":"2013-04-26T20:45:22","guid":{"rendered":"http:\/\/www.mariaabrahamsson.nu\/?p=9282"},"modified":"2013-04-26T22:53:16","modified_gmt":"2013-04-26T20:53:16","slug":"varkampanjen-gar-vidare-oj-vad-vilyssnar","status":"publish","type":"post","link":"https:\/\/www.mariaabrahamsson.nu\/index.php\/2013\/04\/26\/varkampanjen-gar-vidare-oj-vad-vilyssnar\/","title":{"rendered":"V\u00e5rkampanjen g\u00e5r vidare &#8230; oj vad #vilyssnar"},"content":{"rendered":"<p><strong>Konkret f\u00f6r min del<\/strong> inneb\u00e4r v\u00e5rkampanjandet #vilyssnar att jag i\u00a0morgon l\u00f6rdag if\u00f6rd moderatgul partijacka infinner mig klockan 12.30 i H\u00e4gersten. Det finns ett torg d\u00e4r &#8211; <a href=\"https:\/\/www.google.com\/search?q=sj%C3%B6vikstorget+h%C3%A4gersten&amp;client=safari&amp;rls=en&amp;source=lnms&amp;tbm=isch&amp;sa=X&amp;ei=COV6Uf6cE8ak4AT0mIH4DA&amp;ved=0CAoQ_AUoAQ&amp;biw=1435&amp;bih=679#imgrc=zP47e_Ma8b70IM%3A%3BTnlfacZhoCN2UM%3Bhttp%253A%252F%252Fwww.sodermaklarna.se%252Fuploads%252F20121026%252Fxmw0v3mhd66ssvuhl1qaf8phmkhhhydl.jpg%3Bhttp%253A%252F%252Fwww.sodermaklarna.se%252Fdetaljer%252Fbilder%253Fguid%253D40TC5ULBC9DO8FN3%3B900%3B599\">Sj\u00f6vikstorget <\/a>&#8211; som jag ska leta reda p\u00e5 f\u00f6r att klockan 12.30 m\u00f6ta v\u00e4ljare som vill ber\u00e4tta vad vi moddar i Stockholms stad kan g\u00f6ra b\u00e4ttre. Gissar och inst\u00e4mmer i att det finns en hel del.<\/p>\n<p>Sj\u00e4lv blir jag t ex ansatt mest varje dag utanf\u00f6r Coop Zinkensdamm. Inte av tiggarna som har parkerat sig d\u00e4r utanf\u00f6r utan av frustrerade s\u00f6derbor som i mig ser en representant f\u00f6r &#8221;makten&#8221; och som undrar vad f-n vi politiker g\u00f6r f\u00f6r att f\u00e5 stopp p\u00e5 tiggeriet????<\/p>\n<p><strong>Jag har ett antal g\u00e5nger<\/strong> f\u00f6rs\u00f6kt f\u00f6rklara att som EU-medborgare f\u00e5r man vara h\u00e4r p\u00e5 turistvisum i tre m\u00e5nader och det finns inget i svensk lag som f\u00f6rbjuder EU-medborgare att tigga pengar. N\u00e4sta g\u00e5ng \u00e4r det kanske du eller jag som beh\u00f6ver tigga i annat EU-land?<\/p>\n<p>Tja, det sistn\u00e4mnda l\u00e5ter kanske inte helt trov\u00e4rdigt i de flestas \u00f6ron. Men s\u00e5 kan det bli, forts\u00e4tter jag, om finansminister Anders Borg inte f\u00e5r forts\u00e4tta att sk\u00f6ta Sveriges finanser efter valet 2014.<\/p>\n<p><strong>Lite retoriska \u00f6verdrifter<\/strong> f\u00e5r man till\u00e5ta sig f\u00f6r den goda sakens skull. F\u00f6r s\u00e5 mycket st\u00e5r klart att Sverige blir ekonomiskt svagare under en v\u00e4nsterdominerad regering. Och d\u00e4rmed minskar ocks\u00e5 v\u00e5r f\u00f6rm\u00e5ga att hj\u00e4lpa utsatta, s\u00e5v\u00e4l i Sverige som i andra l\u00e4nder.<\/p>\n<p>Och d\u00e4rmed tar \u00e4ven jag\u00a0<a href=\"http:\/\/www.youtube.com\/watch?v=1DRArn9t9ro\">fredagskv\u00e4ll<\/a>.<\/p>\n","protected":false},"excerpt":{"rendered":"<p>Konkret f\u00f6r min del inneb\u00e4r v\u00e5rkampanjandet #vilyssnar att jag i\u00a0morgon l\u00f6rdag if\u00f6rd moderatgul partijacka infinner mig klockan 12.30 i H\u00e4gersten. Det finns ett torg d\u00e4r &#8211; Sj\u00f6vikstorget &#8211; som jag ska leta reda p\u00e5 f\u00f6r att klockan 12.30 m\u00f6ta v\u00e4ljare som vill ber\u00e4tta vad vi moddar i Stockholms stad kan g\u00f6ra b\u00e4ttre. Gissar och inst\u00e4mmer&hellip;<\/p>\n<p class=\"more-link-p\"><a class=\"more-link\" href=\"https:\/\/www.mariaabrahamsson.nu\/index.php\/2013\/04\/26\/varkampanjen-gar-vidare-oj-vad-vilyssnar\/\">Read more &rarr;<\/a><\/p>\n","protected":false},"author":2,"featured_media":0,"comment_status":"open","ping_status":"open","sticky":false,"template":"","format":"standard","meta":{"footnotes":""},"categories":[1],"tags":[],"class_list":["post-9282","post","type-post","status-publish","format-standard","hentry","category-uncategorized"],"_links":{"self":[{"href":"https:\/\/www.mariaabrahamsson.nu\/index.php\/wp-json\/wp\/v2\/posts\/9282","targetHints":{"allow":["GET"]}}],"collection":[{"href":"https:\/\/www.mariaabrahamsson.nu\/index.php\/wp-json\/wp\/v2\/posts"}],"about":[{"href":"https:\/\/www.mariaabrahamsson.nu\/index.php\/wp-json\/wp\/v2\/types\/post"}],"author":[{"embeddable":true,"href":"https:\/\/www.mariaabrahamsson.nu\/index.php\/wp-json\/wp\/v2\/users\/2"}],"replies":[{"embeddable":true,"href":"https:\/\/www.mariaabrahamsson.nu\/index.php\/wp-json\/wp\/v2\/comments?post=9282"}],"version-history":[{"count":0,"href":"https:\/\/www.mariaabrahamsson.nu\/index.php\/wp-json\/wp\/v2\/posts\/9282\/revisions"}],"wp:attachment":[{"href":"https:\/\/www.mariaabrahamsson.nu\/index.php\/wp-json\/wp\/v2\/media?parent=9282"}],"wp:term":[{"taxonomy":"category","embeddable":true,"href":"https:\/\/www.mariaabrahamsson.nu\/index.php\/wp-json\/wp\/v2\/categories?post=9282"},{"taxonomy":"post_tag","embeddable":true,"href":"https:\/\/www.mariaabrahamsson.nu\/index.php\/wp-json\/wp\/v2\/tags?post=9282"}],"curies":[{"name":"wp","href":"https:\/\/api.w.org\/{rel}","templated":true}]}}