{"id":9185,"date":"2013-03-27T21:19:35","date_gmt":"2013-03-27T20:19:35","guid":{"rendered":"http:\/\/www.mariaabrahamsson.nu\/?p=9185"},"modified":"2013-03-27T22:19:54","modified_gmt":"2013-03-27T21:19:54","slug":"en-del-ris-men-mest-ros-for-att-jag-polisanmalde-mig-sjalv","status":"publish","type":"post","link":"https:\/\/www.mariaabrahamsson.nu\/index.php\/2013\/03\/27\/en-del-ris-men-mest-ros-for-att-jag-polisanmalde-mig-sjalv\/","title":{"rendered":"En del ris men mest ros f\u00f6r att jag polisanm\u00e4lde mig sj\u00e4lv"},"content":{"rendered":"<p><strong>I f\u00f6rmiddags anm\u00e4lde<\/strong>\u00a0jag allts\u00e5 mig sj\u00e4lv hos S\u00f6dermalmspolisen f\u00f6r <a href=\"http:\/\/www.mariaabrahamsson.nu\/index.php\/2013\/03\/26\/jag-polisanmaler-mig-sjalv-for-innehav-av-barnpornografi\/\">barnpornografibrott.<\/a>\u00a0Det var en intressant upplevelse. Jag f\u00f6rh\u00f6rdes i ungef\u00e4r en timme av en mycket korrekt polis. Nej, polisen trodde inte att mitt fall skulle ges h\u00f6gsta prioritet, ett <a href=\"http:\/\/www.svt.se\/nyheter\/regionalt\/abc\/dodsfallet-pa-reimersholme-var-ranmord\">misst\u00e4nkt r\u00e5nmord <\/a>toppade\u00a0agendan. Beh\u00f6ver jag s\u00e4ga att jag \u00e4r tacksam f\u00f6r det?<\/p>\n<p>Till mina argaste och elakaste kritiker p\u00e5 FB och twitter &#8211; och till en och annan tr\u00e5km\u00e5ns till riksdagskollega &#8211; vill jag s\u00e4ga: Nej, jag \u00e4r inte ute efter effekts\u00f6keri. Sedan hyggligt l\u00e4nge \u00e4r jag s\u00e5 pass mycket k\u00e4ndis att jag stundom upplever det som ganska besv\u00e4rande. S\u00e5 var det sagt.<\/p>\n<p><strong>D\u00e4remot tycker jag att<\/strong> den svenska demokratin har ett problem om lagen inneb\u00e4r att l\u00e4sare av Sveriges st\u00f6rsta morgontidning g\u00f6r sig skyldiga till en kriminell handling bara f\u00f6r att tidningen har valt att publicera en akvarellm\u00e5lning f\u00f6rest\u00e4llandes ett fiktivt bl\u00f6jbarn i en fiktiv pornografisk situation. Det \u00e4r det min polisanm\u00e4lan handlar om.<\/p>\n<p>Att r\u00e4ttsl\u00e4get inte \u00e4r glasklart framg\u00e5r <a href=\"http:\/\/www.svd.se\/nyheter\/inrikes\/maria-abrahamsson-m-polisanmaler-sig-sjalv-for-barnpornografibrott_8035680.svd\">h\u00e4r<\/a>\u00a0och <a href=\"http:\/\/www.dn.se\/kultur-noje\/konst-form\/riksdagsledamot-anmaler-sig-sjalv-for-barnpornografibrott\">h\u00e4r<\/a>.<\/p>\n","protected":false},"excerpt":{"rendered":"<p>I f\u00f6rmiddags anm\u00e4lde\u00a0jag allts\u00e5 mig sj\u00e4lv hos S\u00f6dermalmspolisen f\u00f6r barnpornografibrott.\u00a0Det var en intressant upplevelse. Jag f\u00f6rh\u00f6rdes i ungef\u00e4r en timme av en mycket korrekt polis. Nej, polisen trodde inte att mitt fall skulle ges h\u00f6gsta prioritet, ett misst\u00e4nkt r\u00e5nmord toppade\u00a0agendan. Beh\u00f6ver jag s\u00e4ga att jag \u00e4r tacksam f\u00f6r det? Till mina argaste och elakaste kritiker&hellip;<\/p>\n<p class=\"more-link-p\"><a class=\"more-link\" href=\"https:\/\/www.mariaabrahamsson.nu\/index.php\/2013\/03\/27\/en-del-ris-men-mest-ros-for-att-jag-polisanmalde-mig-sjalv\/\">Read more &rarr;<\/a><\/p>\n","protected":false},"author":2,"featured_media":0,"comment_status":"open","ping_status":"open","sticky":false,"template":"","format":"standard","meta":{"footnotes":""},"categories":[1],"tags":[],"class_list":["post-9185","post","type-post","status-publish","format-standard","hentry","category-uncategorized"],"_links":{"self":[{"href":"https:\/\/www.mariaabrahamsson.nu\/index.php\/wp-json\/wp\/v2\/posts\/9185","targetHints":{"allow":["GET"]}}],"collection":[{"href":"https:\/\/www.mariaabrahamsson.nu\/index.php\/wp-json\/wp\/v2\/posts"}],"about":[{"href":"https:\/\/www.mariaabrahamsson.nu\/index.php\/wp-json\/wp\/v2\/types\/post"}],"author":[{"embeddable":true,"href":"https:\/\/www.mariaabrahamsson.nu\/index.php\/wp-json\/wp\/v2\/users\/2"}],"replies":[{"embeddable":true,"href":"https:\/\/www.mariaabrahamsson.nu\/index.php\/wp-json\/wp\/v2\/comments?post=9185"}],"version-history":[{"count":0,"href":"https:\/\/www.mariaabrahamsson.nu\/index.php\/wp-json\/wp\/v2\/posts\/9185\/revisions"}],"wp:attachment":[{"href":"https:\/\/www.mariaabrahamsson.nu\/index.php\/wp-json\/wp\/v2\/media?parent=9185"}],"wp:term":[{"taxonomy":"category","embeddable":true,"href":"https:\/\/www.mariaabrahamsson.nu\/index.php\/wp-json\/wp\/v2\/categories?post=9185"},{"taxonomy":"post_tag","embeddable":true,"href":"https:\/\/www.mariaabrahamsson.nu\/index.php\/wp-json\/wp\/v2\/tags?post=9185"}],"curies":[{"name":"wp","href":"https:\/\/api.w.org\/{rel}","templated":true}]}}