{"id":9076,"date":"2013-03-07T22:12:27","date_gmt":"2013-03-07T21:12:27","guid":{"rendered":"http:\/\/www.mariaabrahamsson.nu\/?p=9076"},"modified":"2013-03-07T22:19:33","modified_gmt":"2013-03-07T21:19:33","slug":"tror-anda-att-riksdagen-tog-intryck-av-dagens-mangadebatt","status":"publish","type":"post","link":"https:\/\/www.mariaabrahamsson.nu\/index.php\/2013\/03\/07\/tror-anda-att-riksdagen-tog-intryck-av-dagens-mangadebatt\/","title":{"rendered":"Tror \u00e4nd\u00e5 att riksdagen tog intryck av dagens Mangadebatt"},"content":{"rendered":"<p><strong>S\u00e4ga vad man vill<\/strong> men det \u00e4r n\u00e5got extra att vakna p\u00e5 morgonen med njut\u00e5ngesten att visst ja, i dag har jag en artikel publicerad i hederlig gammelmedia!\u00a0I\u00a0<a href=\"http:\/\/www.expressen.se\/kultur\/fantasin-infor-ratta\/\">Expressen Kultur<\/a>\u00a0(!) skriver jag\u00a0om Mangafallet\u00a0med anledning av riksdagsbehandlingen av min <a href=\"http:\/\/www.riksdagen.se\/sv\/Dokument-Lagar\/Forslag\/Motioner\/Skilj-pa-mangabarn-och-barn-av_H002Ju318\/?text=true\">motion<\/a>\u00a0som jag tidigare i dag f\u00f6rsvarade i kammaren. Om jag f\u00e5r s\u00e4ga det sj\u00e4lv tror jag att jag i talarstolen <a href=\"http:\/\/www.riksdagen.se\/sv\/Debatter--beslut\/Debatter-och-beslut-om-forslag\/Arendedebatter\/?did=H001JuU10&amp;doctype=bet#pos=3606\">r\u00e4tt hyggligt<\/a>\u00a0(l\u00e4nken MA) lyckades f\u00f6rklara varf\u00f6r vi lagstiftare g\u00f6r klokt i att skilja p\u00e5 tecknade fantasifigurer i sexuella situationer (Mangabarn) och verkliga sexuella \u00f6vergrepp p\u00e5 verkliga barn av k\u00f6tt och blod. Som v\u00e4ntat gick det s\u00e4mre f\u00f6r min motion, men lita p\u00e5 mig, jag \u00e5terkommer i \u00e4mnet.<\/p>\n<p>En annan h\u00f6jdpunkt i veckan var onsdagskv\u00e4llens rundvandring i riksdagshuset med dussintalet\u00a0<a href=\"http:\/\/www.swea.org\">SWEOR<\/a>. Nu besitter jag tyv\u00e4rr inte tillr\u00e4cklig lokalk\u00e4nnedom f\u00f6r att titulera mig riksdagsguide, men en och annan anekdot kunde jag \u00e4nd\u00e5 bjuda p\u00e5. Till exempel att den \u00f6ppna spisen i Sammanbindningsbanan tidigare var inmurad i v\u00e4ggen d\u00e5 dess r\u00f6kg\u00e5ng puffade ut r\u00f6k i vad som kunde uppfattas som stj\u00e4rten p\u00e5 Moder Svea som pryder fasaden p\u00e5 riksdagshusets \u00f6stra sida. Den sakupplysningen muntrade upp.<\/p>\n<p><strong>Stoppet i<\/strong>\u00a0<a href=\"http:\/\/www.riksdagen.se\/sv\/Dokument-Lagar\/Forslag\/Motioner\/Riksdagens-kvinnorum_GT02K239\/?text=true\">Kvinnorummet<\/a>\u00a0orsakade d\u00e4remot en viss f\u00f6rst\u00e4mning. Sj\u00e4lvklart all heder \u00e5t <a href=\"http:\/\/www.matsjohansson.net\/2012\/11\/in-memoriam-britt-och-ingegerd.html\">f\u00f6reg\u00e5ngskvinnorna i svensk politik, <\/a>men varf\u00f6r i herrens namn ska man isolera portr\u00e4tten av dem\u00a0till ett avgr\u00e4nsat litet rum i den s\u00f6dra g\u00e5ngen till gamla riksdagshuset?\u00a0Nej, jag begriper inte det och det gjorde inte Sweorna heller, kan jag meddela.<\/p>\n<p>P\u00e5 tal om kvinnor infaller strax den internationella kvinnodagen. Sj\u00e4lv avvaktar jag firandet tills p\u00e5 m\u00e5ndag, d\u00e5 m\u00f6ts v\u00e4nsterledaren Jonas Sj\u00f6str\u00f6m och jag p\u00e5 <a href=\"http:\/\/www.son.edu.stockholm.se\/samhdagar_2013.html\">S\u00f6dra Latin<\/a> i en debatt om j\u00e4mst\u00e4lldhetspolitiken. Det kan bli intressant, s\u00e5 jag \u00e5terkommer till det.<\/p>\n","protected":false},"excerpt":{"rendered":"<p>S\u00e4ga vad man vill men det \u00e4r n\u00e5got extra att vakna p\u00e5 morgonen med njut\u00e5ngesten att visst ja, i dag har jag en artikel publicerad i hederlig gammelmedia!\u00a0I\u00a0Expressen Kultur\u00a0(!) skriver jag\u00a0om Mangafallet\u00a0med anledning av riksdagsbehandlingen av min motion\u00a0som jag tidigare i dag f\u00f6rsvarade i kammaren. Om jag f\u00e5r s\u00e4ga det sj\u00e4lv tror jag att jag&hellip;<\/p>\n<p class=\"more-link-p\"><a class=\"more-link\" href=\"https:\/\/www.mariaabrahamsson.nu\/index.php\/2013\/03\/07\/tror-anda-att-riksdagen-tog-intryck-av-dagens-mangadebatt\/\">Read more &rarr;<\/a><\/p>\n","protected":false},"author":2,"featured_media":0,"comment_status":"open","ping_status":"open","sticky":false,"template":"","format":"standard","meta":{"footnotes":""},"categories":[1],"tags":[],"class_list":["post-9076","post","type-post","status-publish","format-standard","hentry","category-uncategorized"],"_links":{"self":[{"href":"https:\/\/www.mariaabrahamsson.nu\/index.php\/wp-json\/wp\/v2\/posts\/9076","targetHints":{"allow":["GET"]}}],"collection":[{"href":"https:\/\/www.mariaabrahamsson.nu\/index.php\/wp-json\/wp\/v2\/posts"}],"about":[{"href":"https:\/\/www.mariaabrahamsson.nu\/index.php\/wp-json\/wp\/v2\/types\/post"}],"author":[{"embeddable":true,"href":"https:\/\/www.mariaabrahamsson.nu\/index.php\/wp-json\/wp\/v2\/users\/2"}],"replies":[{"embeddable":true,"href":"https:\/\/www.mariaabrahamsson.nu\/index.php\/wp-json\/wp\/v2\/comments?post=9076"}],"version-history":[{"count":0,"href":"https:\/\/www.mariaabrahamsson.nu\/index.php\/wp-json\/wp\/v2\/posts\/9076\/revisions"}],"wp:attachment":[{"href":"https:\/\/www.mariaabrahamsson.nu\/index.php\/wp-json\/wp\/v2\/media?parent=9076"}],"wp:term":[{"taxonomy":"category","embeddable":true,"href":"https:\/\/www.mariaabrahamsson.nu\/index.php\/wp-json\/wp\/v2\/categories?post=9076"},{"taxonomy":"post_tag","embeddable":true,"href":"https:\/\/www.mariaabrahamsson.nu\/index.php\/wp-json\/wp\/v2\/tags?post=9076"}],"curies":[{"name":"wp","href":"https:\/\/api.w.org\/{rel}","templated":true}]}}