{"id":907,"date":"2009-12-31T15:58:49","date_gmt":"2009-12-31T15:58:49","guid":{"rendered":"http:\/\/www.mariaabrahamsson.nu\/?p=907"},"modified":"2009-12-31T16:11:10","modified_gmt":"2009-12-31T16:11:10","slug":"en-av-arets-hojdpunkter","status":"publish","type":"post","link":"https:\/\/www.mariaabrahamsson.nu\/index.php\/2009\/12\/31\/en-av-arets-hojdpunkter\/","title":{"rendered":"En av \u00e5rets h\u00f6jdpunkter"},"content":{"rendered":"<p><strong>Det \u00e4r f\u00f6rmodligen<\/strong> kontrasten mellan ett tropiskt Almedalen 2009 och k\u00f6ldh\u00e5let jag befinner mig i nu som styr tanken. Men en av \u00e5rets mer sv\u00e5rslagna upplevelse \u00e4r mina \u00e5tta timmars erfarenhet av en\u00a0<a href=\"http:\/\/images.google.com\/images?client=safari&amp;rls=en&amp;q=elektronisk%20fotboja&amp;oe=UTF-8&amp;um=1&amp;ie=UTF-8&amp;sa=N&amp;hl=sv&amp;tab=wi\">elektronisk fotboja<\/a> monterad runt vristen i\u00a0ett ljuvligt Visby under \u00e5rets <a href=\"http:\/\/www.almedalsveckan.se\/\">Almedalsvecka<\/a>.<\/p>\n<p>Klockan 12.00 st\u00e5r jag allts\u00e5 p\u00e5 Donner plats fotbojad av Kriminalv\u00e5rdens fotbojsspecialist. Det \u00e4r en synlig men trots allt ganska diskret sak som sitter runt foten. Under f\u00f6rmiddagen har jag deltagit i f\u00e5ngv\u00e5rdsmyndighetens seminarium och som avrundning anm\u00e4lt mig som frivillig att b\u00e4ra boja fram till kv\u00e4llens mingel med Kriminalv\u00e5rdens generaldirekt\u00f6r Lars Nyl\u00e9n. F\u00f6rst d\u00e5 lovas jag att bli befriad och f\u00e5 min registrerade rundvandring avsl\u00f6jad p\u00e5 datask\u00e4rm.<\/p>\n<p><strong>Blickarna fr\u00e5n de tre poliserna<\/strong> i \u00a0Visby hamn \u00e4r oslagbara. F\u00f6rst stirrar de s\u00e5 d\u00e4r lagom ok\u00e4nsligt nyfiket som man g\u00f6r p\u00e5 folk man k\u00e4nner igen, och som man uppenbart ocks\u00e5 tror \u00e4r blinda.<\/p>\n<p>Sedan stelnar konstaplarnas ljusbl\u00e5 blickar vid min vrist, d\u00e4r bojan sitter p\u00e5 ett bart ben i den dallrande v\u00e4rmen. Jag hade varit beredd att betala en bra slant f\u00f6r deras kommentarer.<\/p>\n<p>Jag traskar vidare. Varje steg registeras som sagt av en dator. Jag f\u00f6r anteckningar f\u00f6r att i efterhand kunna kontrollera att den d\u00e4r datorn korrekt har lagrat den i grunden r\u00e4tt k\u00e4nsliga informationen om mina steg.<\/p>\n<p><strong>Klockan 13.00-15.00<\/strong> befinner jag mig i Visbys kongresscentrum. Den liberala tankesmedjan <a href=\"http:\/\/www.fores.se\/\">Fores<\/a> h\u00e5ller <a href=\"http:\/\/www.fores.se\/digitalisering\">storf\u00f6rel\u00e4sning<\/a> om upphovs\u00e4tt och olaglig nedladdning. P\u00e5 podiet sitter Hans Pandeya och s\u00e4ger att han <a href=\"http:\/\/www.aftonbladet.se\/nyheter\/almedalsveckan\/article5463058.ab\">ska g\u00f6ra piraternas rofferi lagligt.<\/a> Hans uttalanden f\u00f6rv\u00e5nar inte bara mig utan stora delar av auditoriet h\u00f6jer p\u00e5 \u00f6gonbrynen.<\/p>\n<p>Ute p\u00e5 gatan igen. Klockan 15.30 passerar jag Skeppsbron, 17.00 bes\u00f6ker jag \u00c5hl\u00e9ns vid \u00d6sterport. Jag b\u00f6rjar s\u00e5 sm\u00e5tt tr\u00f6ttna p\u00e5 bojan. Inte f\u00f6r att den egentligen st\u00f6r mig fysiskt p\u00e5 n\u00e5got vis, den skaver inte ens, men mentalt b\u00f6rjar det bli anstr\u00e4ngt. P\u00e5 n\u00e5got mystiskt s\u00e4tt har jag f\u00e5tt sv\u00e5rt att andas, k\u00e4nner mig kv\u00e4vd. Och folk glor. En kille undrar rent av varf\u00f6r jag har stegr\u00e4knaren runt foten&#8230;Andra tisslar om rattfylla. Nojan v\u00e4xer, liksom den obehagliga k\u00e4nslan av att vara &#8211; f\u00e5ngad.<\/p>\n<p><strong>S\u00e5 \u00e4r \u00e4ntligen klockan<\/strong> halv\u00e5tta. Det \u00e4r dags att klippa bojans band. Mina steg redovisas (avsl\u00f6jas) p\u00e5 en stortavla i en prunkande rosentr\u00e4dg\u00e5rd. Kriminalv\u00e5rdens folk \u00e4r m\u00e4kta imponerade \u00f6ver att jag har g\u00e5tt s\u00e5 r\u00e4tlinjigt. Som en man, s\u00e4ger n\u00e5gon.<\/p>\n<p>Men v\u00e4nta, vad h\u00e4nder nu?\u00a0Vid sextiden verkar mina f\u00f6tter ha f\u00e5tt fnatt, de g\u00e5r \u00f6msom i cirklar, \u00f6msom irrar de hit och dit.<\/p>\n<p><strong>Hm. Klockan 18?<\/strong> Jamen, det var ju tiden f\u00f6r <a href=\"http:\/\/www.primepr.se\/Startsida.asp?flash=false\">Primes<\/a> dagliga ros\u00e9vinsmingel! Och pl\u00f6tsligt upplevde jag allts\u00e5 inte fotbojan som ett f\u00e4ngelse. N\u00e5got s\u00e4ger det.<\/p>\n","protected":false},"excerpt":{"rendered":"<p>Det \u00e4r f\u00f6rmodligen kontrasten mellan ett tropiskt Almedalen 2009 och k\u00f6ldh\u00e5let jag befinner mig i nu som styr tanken. Men en av \u00e5rets mer sv\u00e5rslagna upplevelse \u00e4r mina \u00e5tta timmars erfarenhet av en\u00a0elektronisk fotboja monterad runt vristen i\u00a0ett ljuvligt Visby under \u00e5rets Almedalsvecka. Klockan 12.00 st\u00e5r jag allts\u00e5 p\u00e5 Donner plats fotbojad av Kriminalv\u00e5rdens fotbojsspecialist.&hellip;<\/p>\n<p class=\"more-link-p\"><a class=\"more-link\" href=\"https:\/\/www.mariaabrahamsson.nu\/index.php\/2009\/12\/31\/en-av-arets-hojdpunkter\/\">Read more &rarr;<\/a><\/p>\n","protected":false},"author":2,"featured_media":0,"comment_status":"open","ping_status":"open","sticky":false,"template":"","format":"standard","meta":{"footnotes":""},"categories":[1],"tags":[],"class_list":["post-907","post","type-post","status-publish","format-standard","hentry","category-uncategorized"],"_links":{"self":[{"href":"https:\/\/www.mariaabrahamsson.nu\/index.php\/wp-json\/wp\/v2\/posts\/907","targetHints":{"allow":["GET"]}}],"collection":[{"href":"https:\/\/www.mariaabrahamsson.nu\/index.php\/wp-json\/wp\/v2\/posts"}],"about":[{"href":"https:\/\/www.mariaabrahamsson.nu\/index.php\/wp-json\/wp\/v2\/types\/post"}],"author":[{"embeddable":true,"href":"https:\/\/www.mariaabrahamsson.nu\/index.php\/wp-json\/wp\/v2\/users\/2"}],"replies":[{"embeddable":true,"href":"https:\/\/www.mariaabrahamsson.nu\/index.php\/wp-json\/wp\/v2\/comments?post=907"}],"version-history":[{"count":0,"href":"https:\/\/www.mariaabrahamsson.nu\/index.php\/wp-json\/wp\/v2\/posts\/907\/revisions"}],"wp:attachment":[{"href":"https:\/\/www.mariaabrahamsson.nu\/index.php\/wp-json\/wp\/v2\/media?parent=907"}],"wp:term":[{"taxonomy":"category","embeddable":true,"href":"https:\/\/www.mariaabrahamsson.nu\/index.php\/wp-json\/wp\/v2\/categories?post=907"},{"taxonomy":"post_tag","embeddable":true,"href":"https:\/\/www.mariaabrahamsson.nu\/index.php\/wp-json\/wp\/v2\/tags?post=907"}],"curies":[{"name":"wp","href":"https:\/\/api.w.org\/{rel}","templated":true}]}}