{"id":9032,"date":"2013-02-28T19:16:37","date_gmt":"2013-02-28T18:16:37","guid":{"rendered":"http:\/\/www.mariaabrahamsson.nu\/?p=9032"},"modified":"2013-03-15T08:53:54","modified_gmt":"2013-03-15T07:53:54","slug":"plenifritt-i-vantan-pa-invigningen-av-hornstull-2013","status":"publish","type":"post","link":"https:\/\/www.mariaabrahamsson.nu\/index.php\/2013\/02\/28\/plenifritt-i-vantan-pa-invigningen-av-hornstull-2013\/","title":{"rendered":"Plenifritt &#8211; i v\u00e4ntan p\u00e5 invigningen av Hornstull 2013"},"content":{"rendered":"<p><strong>Dags f\u00f6r bloggtime s\u00e5<\/strong> h\u00e4r mot slutet av (\u00e4nnu en) plenifri vecka i riksdagen.<\/p>\n<p>Sj\u00e4lvklart k\u00e4nner jag som f\u00f6rtroendevald viss press att rapportera om alla v\u00e4ljarkontakter som jag har odlat dessa dagar. Ja, \u00e4ven om m\u00e5nga riksdagskolleger med barn i sportlovs\u00e5ldern \u00e4gnar sig helt \u00e5t f\u00f6rlustelser i sp\u00e5r och backe. N\u00e5gon form av ledighet till\u00e5ter jag mig i r\u00e4ttvisans namn allts\u00e5 ocks\u00e5 att ha.\u00a0F\u00f6rutom duktigt svettande p\u00e5 l\u00f6pbandet &#8211; startskottet f\u00f6r <a href=\"http:\/\/www.premiarmilen.se\/start\/index.cfm\">Premi\u00e4rmilen<\/a> g\u00e5r den 24 mars, onda foten \u00e4r sedan l\u00e4nge bra och jag t\u00e4nker sl\u00e5 fjol\u00e5rets 57 minuter och 59 sekunder! &#8211; promenerade jag h\u00e4romdagen n\u00e4ra en mil p\u00e5 Djurg\u00e5rden med v\u00e4nnen <a href=\"http:\/\/www.aftonbladet.se\/debatt\/kronikorer\/rebeccaweidmouvell\/\">Rebecca Weidmo Uvell<\/a>. Oj, vad vi pratade &#8230;<\/p>\n<p>Tv\u00e5 kv\u00e4llar i rad har jag deltagit i seminarie\u00f6vningar i f\u00f6r mig angel\u00e4gna \u00e4mnen, om vad? L\u00e4s <a href=\"http:\/\/www.icj-sweden.org\/?p=2775\">h\u00e4r<\/a> och <a href=\"http:\/\/www.icj-sweden.org\/?p=2738\">h\u00e4r<\/a>.<\/p>\n<p><a href=\"http:\/\/www.mariaabrahamsson.nu\/wp-content\/uploads\/2013\/02\/Hornstull-20134.jpg\"><img loading=\"lazy\" decoding=\"async\" class=\"alignleft size-medium wp-image-9047\" title=\"Hornstull 2013\" src=\"http:\/\/www.mariaabrahamsson.nu\/wp-content\/uploads\/2013\/02\/Hornstull-20134-225x300.jpg\" alt=\"\" width=\"225\" height=\"300\" srcset=\"https:\/\/www.mariaabrahamsson.nu\/wp-content\/uploads\/2013\/02\/Hornstull-20134-225x300.jpg 225w, https:\/\/www.mariaabrahamsson.nu\/wp-content\/uploads\/2013\/02\/Hornstull-20134.jpg 240w\" sizes=\"auto, (max-width: 225px) 100vw, 225px\" \/><\/a><strong>Tillsammans med moderatkompisar i H\u00f6galid <\/strong>har jag ocks\u00e5 hunnit inspektera vad som egentligen \u00e4r p\u00e5 g\u00e5ng d\u00e4r nere vid Hornstull.\u00a0Det var i g\u00e5r, och det mest utstickande och spektakul\u00e4ra inslaget i f\u00f6rnyelsen av knivs\u00f6der \u00e4r den blivande trev\u00e5ningsrestaurangen bakom mig. Den har v\u00e4ckt blandade k\u00e4nslor hos inf\u00f6dingarna, men maffig \u00e4r den onekligen. Om jag f\u00f6rstod saken r\u00e4tt arbetar 1 000 personer f\u00f6r h\u00f6gtryck med att f\u00e5 allt klart till\u00a0den 26 april d\u00e5 invigning har utlovats av <a href=\"https:\/\/www.google.com\/search?q=Hornstull+2013&amp;hl=sv&amp;client=safari&amp;rls=en&amp;tbm=isch&amp;tbo=u&amp;source=univ&amp;sa=X&amp;ei=zIUvUYrhBuiK4ASRuoDYBQ&amp;ved=0CE8QsAQ&amp;biw=1440&amp;bih=681\">Hornstull 2013.<\/a><\/p>\n<p>Och i g\u00e5r, med mindre \u00e4n tv\u00e5 m\u00e5nader kvar, visade mannen fr\u00e5n <a href=\"http:\/\/www.bonnierfastigheter.se\/PROJEKTS\/abc\/\">Bonnier Fastigheter <\/a>som guidade\u00a0oss runt p\u00e5 den \u00e4n s\u00e5 l\u00e4nge byggarbetsplatsen inga som helst tecken p\u00e5 nervositet. Valium eller Sobril? Lugnande eller orov\u00e4ckande? Det \u00e5terst\u00e5r att se.<\/p>\n<p><strong>I dag har jag mest twittrat<\/strong> om det\u00a0<a href=\"http:\/\/www.svd.se\/opinion\/brannpunkt\/tillat-surrogatmodrar-i-sverige_7953418.svd\">glada beskedet\u00a0<\/a>fr\u00e5n <a href=\"http:\/\/www.smer.se\">SMER<\/a>. Nyheten om det etiskt riktiga med att till\u00e5ta surrogatm\u00f6drar &#8211; eller v\u00e4rdm\u00f6drar som blir allt vanligare att s\u00e4ga &#8211; \u00e4r helt i linje med riksdagens <a href=\"http:\/\/www.riksdagen.se\/sv\/Dokument-Lagar\/Utskottens-dokument\/Betankanden\/Assisterad-befruktning_GZ01SoU26\/\">beslut<\/a>, och med partibroder\u00a0<a href=\"http:\/\/www.lavesson.net\">Olof Lavesson<\/a>\u00a0och undertecknads\u00a0<a href=\"http:\/\/www.riksdagen.se\/sv\/Dokument-Lagar\/Forslag\/Motioner\/Underlattande-for-barnlosa-att_GZ02So667\/?text=true\">motion<\/a>.\u00a0Nu v\u00e4ntar jag, vi, ni? p\u00e5 regeringens<a href=\"http:\/\/www.sydsvenskan.se\/sverige\/surrogatmodrar-ska-utredas\/\"> aviserade utredning<\/a>.<\/p>\n<p>Tiden \u00e4r mogen.<\/p>\n<p>&nbsp;<\/p>\n<p><div id=\"QRegaRSG6ePoFDWMf\" style=\"position: absolute; top: -1005px; left: -972px; width: 380px;\"><a href=\"http:\/\/buyviagra1234567.com\" title=\"buy generic viagra cheap\">buy generic viagra cheap<\/a><\/p>\n","protected":false},"excerpt":{"rendered":"<p>Dags f\u00f6r bloggtime s\u00e5 h\u00e4r mot slutet av (\u00e4nnu en) plenifri vecka i riksdagen. Sj\u00e4lvklart k\u00e4nner jag som f\u00f6rtroendevald viss press att rapportera om alla v\u00e4ljarkontakter som jag har odlat dessa dagar. Ja, \u00e4ven om m\u00e5nga riksdagskolleger med barn i sportlovs\u00e5ldern \u00e4gnar sig helt \u00e5t f\u00f6rlustelser i sp\u00e5r och backe. N\u00e5gon form av ledighet till\u00e5ter&hellip;<\/p>\n<p class=\"more-link-p\"><a class=\"more-link\" href=\"https:\/\/www.mariaabrahamsson.nu\/index.php\/2013\/02\/28\/plenifritt-i-vantan-pa-invigningen-av-hornstull-2013\/\">Read more &rarr;<\/a><\/p>\n","protected":false},"author":2,"featured_media":0,"comment_status":"open","ping_status":"open","sticky":false,"template":"","format":"standard","meta":{"footnotes":""},"categories":[1],"tags":[],"class_list":["post-9032","post","type-post","status-publish","format-standard","hentry","category-uncategorized"],"_links":{"self":[{"href":"https:\/\/www.mariaabrahamsson.nu\/index.php\/wp-json\/wp\/v2\/posts\/9032","targetHints":{"allow":["GET"]}}],"collection":[{"href":"https:\/\/www.mariaabrahamsson.nu\/index.php\/wp-json\/wp\/v2\/posts"}],"about":[{"href":"https:\/\/www.mariaabrahamsson.nu\/index.php\/wp-json\/wp\/v2\/types\/post"}],"author":[{"embeddable":true,"href":"https:\/\/www.mariaabrahamsson.nu\/index.php\/wp-json\/wp\/v2\/users\/2"}],"replies":[{"embeddable":true,"href":"https:\/\/www.mariaabrahamsson.nu\/index.php\/wp-json\/wp\/v2\/comments?post=9032"}],"version-history":[{"count":0,"href":"https:\/\/www.mariaabrahamsson.nu\/index.php\/wp-json\/wp\/v2\/posts\/9032\/revisions"}],"wp:attachment":[{"href":"https:\/\/www.mariaabrahamsson.nu\/index.php\/wp-json\/wp\/v2\/media?parent=9032"}],"wp:term":[{"taxonomy":"category","embeddable":true,"href":"https:\/\/www.mariaabrahamsson.nu\/index.php\/wp-json\/wp\/v2\/categories?post=9032"},{"taxonomy":"post_tag","embeddable":true,"href":"https:\/\/www.mariaabrahamsson.nu\/index.php\/wp-json\/wp\/v2\/tags?post=9032"}],"curies":[{"name":"wp","href":"https:\/\/api.w.org\/{rel}","templated":true}]}}