{"id":8901,"date":"2013-01-30T23:42:05","date_gmt":"2013-01-30T22:42:05","guid":{"rendered":"http:\/\/www.mariaabrahamsson.nu\/?p=8901"},"modified":"2013-01-31T00:25:39","modified_gmt":"2013-01-30T23:25:39","slug":"fran-pajala-till-partinternat-med-riksdagsgruppen","status":"publish","type":"post","link":"https:\/\/www.mariaabrahamsson.nu\/index.php\/2013\/01\/30\/fran-pajala-till-partinternat-med-riksdagsgruppen\/","title":{"rendered":"Fr\u00e5n Pajala till partiinternat med riksdagsgruppen"},"content":{"rendered":"<p><a href=\"http:\/\/www.mariaabrahamsson.nu\/wp-content\/uploads\/2013\/01\/S\u00f6ndagskv\u00e4ll-i-Lule\u00e5.2.jpg\"><img loading=\"lazy\" decoding=\"async\" class=\"alignleft size-medium wp-image-8914\" title=\"S\u00f6ndagskv\u00e4ll i Lule\u00e5.\" src=\"http:\/\/www.mariaabrahamsson.nu\/wp-content\/uploads\/2013\/01\/S\u00f6ndagskv\u00e4ll-i-Lule\u00e5.2-225x300.jpg\" alt=\"\" width=\"225\" height=\"300\" srcset=\"https:\/\/www.mariaabrahamsson.nu\/wp-content\/uploads\/2013\/01\/S\u00f6ndagskv\u00e4ll-i-Lule\u00e5.2-225x300.jpg 225w, https:\/\/www.mariaabrahamsson.nu\/wp-content\/uploads\/2013\/01\/S\u00f6ndagskv\u00e4ll-i-Lule\u00e5.2.jpg 240w\" sizes=\"auto, (max-width: 225px) 100vw, 225px\" \/><\/a><strong>Denna vecka har inte n\u00e5tt<\/strong> halvtid och jag har redan klarat av mer \u00e4n vad v\u00e4ljarna kan beg\u00e4ra av en menig riksdagsledamot under en hel m\u00e5nad.<\/p>\n<p>I m\u00e5ndags var det frukost p\u00e5 <a href=\"http:\/\/www.eurobookings.com\/lulea-hotels-se\/elite-stadshotellet-lulea.sv.html?cur=SEK&amp;as=g&amp;aid=3509126709&amp;dsti=210947&amp;dstt=8&amp;label=bh18451&amp;gclid=CNah5-7fkLUCFfJ2cAodVyYAEw&amp;akw=elite%20stadshotellet%20lule\u00e5&amp;asrc=Search\">Stadshotellet<\/a>\u00a0i Lule\u00e5 tillsammans med delar av Skatteutskottets kansli och en snudd p\u00e5 full uppslutning av ledam\u00f6ter. Kv\u00e4llen innan hade \u00a0Norrbottens landsh\u00f6vding\u00a0<a href=\"http:\/\/www.nsd.se\/nyheter\/artikel.aspx?ArticleId=7424433\">Sven-Erik \u00d6sterberg<\/a>\u00a0bjudit p\u00e5 middag i <a href=\"http:\/\/www.sfv.se\/cms\/sfv\/vara_fastigheter\/sverige\/bd_norrbottens_lan\/Residenset_Lulea.html\">residenset.<\/a>\u00a0<a href=\"http:\/\/www.kalixlojrom.com\/Ursprunget.aspx\">Kalixl\u00f6jromen<\/a>\u00a0till f\u00f6rr\u00e4tt var i en klass f\u00f6r sig. Nej, jag tror inte att h\u00f6vdingen stod f\u00f6r notan sj\u00e4lv. Och varf\u00f6r skulle han f\u00f6rresten g\u00f6ra det?<\/p>\n<p><strong>Innan s\u00e4ngdags<\/strong> \u00f6vertalade\u00a0jag allianskompisen <a href=\"http:\/\/www.riksdagen.se\/sv\/ledamoter-partier\/Hitta-ledamot\/Ledamoter\/Nilsson-Karin-0807438844115\/\">Karin Nilsson<\/a> (C) att f\u00f6reviga mig framf\u00f6r stadens stolta iskonstverk 2012 &#8211; en vitryggig hackspett, som p\u00e5 grund av alla kalhyggen l\u00e4r vara en sv\u00e5rt utrotningshotad art i Sverige.<\/p>\n<p>M\u00e5ndagen bj\u00f6d p\u00e5 tidig uppstigning och m\u00e5nga timmars buss\u00e5kning i sn\u00f6storm (50 mil, typ). Vid elvablecket rullade vi lyckligt in i <a href=\"http:\/\/www.northland.eu\/sv-se\/projekt\/kaunisvaara\">Kaunisvaara <\/a>(ett j\u00e4ttetack till den skickliga busschauff\u00f6rskan), platsen\/berget ligger i <a href=\"http:\/\/www.pajala.se\">Pajala<\/a> och d\u00e4r finns ett Folkets hus i vilket bygdens kvinnor hade tillagat och dukat upp en superb laxlunch som utskottet avnj\u00f6t tillsammans med f\u00f6retr\u00e4dare fr\u00e5n\u00a0<a href=\"http:\/\/www.northland.eu\/sv-se\/om-northland\">Northland Resourses.<\/a><\/p>\n<p><strong>Det krisande gruvbolaget<\/strong> kan knappast ha uppfattat Skatteutskottets bes\u00f6k som <a href=\"http:\/\/www.di.se\/artiklar\/2013\/1\/28\/borsen-granskar-lackan-i-northland\/\">v\u00e4ltajmat<\/a>\u00a0men av detta m\u00e4rkte \u00e5tminstone jag inte ett \u00a0skvatt. Ja, \u00e4ven pajalaborna verkar\u00a0<a href=\"http:\/\/www.svt.se\/nyheter\/regionalt\/nordnytt\/pajalabor-tar-krisen-med-ro\">hoppfulla<\/a>\u00a0om framtiden, sj\u00e4lv funderar jag seri\u00f6st p\u00e5 att\u00a0<a href=\"http:\/\/www.northland.eu\/sv-se\/investerarkontakter\/pressmeddelanden?v=1227142\">investera <\/a>i bolaget. Gillar skarpt tanken p\u00e5 att hela Sverige ska leva, och \u00e4ven om Pajala \u00e4r annorlunda h\u00f6r det faktiskt till riket.<\/p>\n<p>I tisdags vaknade Skatteutskottet, delar av kansliet och jag sj\u00e4lv p\u00e5\u00a0<a href=\"http:\/\/www.haparandastadshotell.se\/wp-content\/uploads\/2012\/04\/vinterpaket20121.pdf\">Haparanda Stadshotell<\/a>. N\u00e5gra timmars bussresa senare\u00a0bes\u00f6kte vi\u00a0<a href=\"http:\/\/sverigesradio.se\/sida\/artikel.aspx?programid=83&amp;artikel=5384057\">Facebook i Lule\u00e5<\/a>\u00a0(bilden nedanf\u00f6r). Mycket sp\u00e4nnande, l\u00e4s bl a\u00a0<a href=\"http:\/\/www.lulea.se\/politikochkommun\/arkivpolitikochkommun\/darforvaldefacebooklulea.5.8681c901332188d51580002537.html\">h\u00e4r<\/a>!<\/p>\n<p><a href=\"http:\/\/www.mariaabrahamsson.nu\/wp-content\/uploads\/2013\/01\/Facebook-i-Lule\u00e5..jpg\"><img loading=\"lazy\" decoding=\"async\" class=\"alignleft size-medium wp-image-8917\" title=\"Facebook i Lule\u00e5.\" src=\"http:\/\/www.mariaabrahamsson.nu\/wp-content\/uploads\/2013\/01\/Facebook-i-Lule\u00e5.-300x225.jpg\" alt=\"\" width=\"300\" height=\"225\" srcset=\"https:\/\/www.mariaabrahamsson.nu\/wp-content\/uploads\/2013\/01\/Facebook-i-Lule\u00e5.-300x225.jpg 300w, https:\/\/www.mariaabrahamsson.nu\/wp-content\/uploads\/2013\/01\/Facebook-i-Lule\u00e5..jpg 320w\" sizes=\"auto, (max-width: 300px) 100vw, 300px\" \/><\/a><strong>Nej, m\u00e4nnen som<\/strong> lotsade oss runt gav inte \u00f6verdrivet stort utrymme f\u00f6r att st\u00e4lla fr\u00e5gor.\u00a0N\u00e4r jag undrade hur Facebook f\u00f6rh\u00e5ller sig till den svenska lagstiftningen om signalspaning och FRA:s m\u00f6jligheter att snoka runt i Facebooks kablar \u00a0&#8211; l\u00e4s servrar &#8211; fick jag inget svar. Men tystnad \u00e4r\u00a0ocks\u00e5 ett svar s\u00e5 gott som n\u00e5got.<\/p>\n<p>Efter lunch med \u00a0framg\u00e5ngsrika <a href=\"http:\/\/luleanaringsliv.se\">n\u00e4ringslivet i Lule\u00e5 <\/a>var det dags f\u00f6r flygresa hem f\u00f6r att hinna i tid till tisdagens sammantr\u00e4de med M-riksdagsgruppen. En hel del viktiga grejer avhandlades, bland annat\u00a0<a href=\"http:\/\/sverigesradio.se\/sida\/artikel.aspx?programid=83&amp;artikel=5427100\">denna<\/a>\u00a0om f\u00f6r\u00e4ndringar av ledam\u00f6ternas inkomstgaranti, med mera.<\/p>\n<p><strong>I dag onsdag inledde jag<\/strong> med utbildning om hur vi moderater i valr\u00f6relsen ska genomf\u00f6ra konstruktiva samtal med f\u00f6retagare och offentlig sektor. Allt i syfte att f\u00f6rh\u00f6ra oss om hur och var de nya jobben ska v\u00e4xa fram.\u00a0Ett stort tack till <a href=\"http:\/\/marlenekopparklint.blogspot.se\">Marl\u00e9ne Lund Kopparklint <\/a>f\u00f6r en inspirerande f\u00f6rel\u00e4sning!\u00a0Nu v\u00e4ntar f\u00f6r min del din <a href=\"http:\/\/www.adlibris.com\/se\/product.aspx?isbn=9186859587&amp;gclid=CNrPvZ6CkbUCFYJ2cAodJjYA3g\">bok<\/a>.<\/p>\n<p><strong>I morgon<\/strong>\u00a0torsdag inleds med sammantr\u00e4de i Skatteutskottet, sedan ett dygns internat med den moderata riksdagsgruppen. Det kan bli\u00a0hur sp\u00e4nnande som helst. F\u00f6rsvaret, \u00a0jobbpakten, L\u00f6fven, sm\u00e5partiernas kris, ja brist p\u00e5 br\u00e4nnande aktuella \u00e4mnen saknas i inte. Tips fr\u00e5n mig, allts\u00e5.<\/p>\n<p>Vad som st\u00e5r p\u00e5 den verkliga dagordningen ber\u00e4ttar jag inte.<\/p>\n<p>&nbsp;<\/p>\n","protected":false},"excerpt":{"rendered":"<p>Denna vecka har inte n\u00e5tt halvtid och jag har redan klarat av mer \u00e4n vad v\u00e4ljarna kan beg\u00e4ra av en menig riksdagsledamot under en hel m\u00e5nad. I m\u00e5ndags var det frukost p\u00e5 Stadshotellet\u00a0i Lule\u00e5 tillsammans med delar av Skatteutskottets kansli och en snudd p\u00e5 full uppslutning av ledam\u00f6ter. Kv\u00e4llen innan hade \u00a0Norrbottens landsh\u00f6vding\u00a0Sven-Erik \u00d6sterberg\u00a0bjudit p\u00e5&hellip;<\/p>\n<p class=\"more-link-p\"><a class=\"more-link\" href=\"https:\/\/www.mariaabrahamsson.nu\/index.php\/2013\/01\/30\/fran-pajala-till-partinternat-med-riksdagsgruppen\/\">Read more &rarr;<\/a><\/p>\n","protected":false},"author":2,"featured_media":0,"comment_status":"open","ping_status":"open","sticky":false,"template":"","format":"standard","meta":{"footnotes":""},"categories":[1],"tags":[],"class_list":["post-8901","post","type-post","status-publish","format-standard","hentry","category-uncategorized"],"_links":{"self":[{"href":"https:\/\/www.mariaabrahamsson.nu\/index.php\/wp-json\/wp\/v2\/posts\/8901","targetHints":{"allow":["GET"]}}],"collection":[{"href":"https:\/\/www.mariaabrahamsson.nu\/index.php\/wp-json\/wp\/v2\/posts"}],"about":[{"href":"https:\/\/www.mariaabrahamsson.nu\/index.php\/wp-json\/wp\/v2\/types\/post"}],"author":[{"embeddable":true,"href":"https:\/\/www.mariaabrahamsson.nu\/index.php\/wp-json\/wp\/v2\/users\/2"}],"replies":[{"embeddable":true,"href":"https:\/\/www.mariaabrahamsson.nu\/index.php\/wp-json\/wp\/v2\/comments?post=8901"}],"version-history":[{"count":0,"href":"https:\/\/www.mariaabrahamsson.nu\/index.php\/wp-json\/wp\/v2\/posts\/8901\/revisions"}],"wp:attachment":[{"href":"https:\/\/www.mariaabrahamsson.nu\/index.php\/wp-json\/wp\/v2\/media?parent=8901"}],"wp:term":[{"taxonomy":"category","embeddable":true,"href":"https:\/\/www.mariaabrahamsson.nu\/index.php\/wp-json\/wp\/v2\/categories?post=8901"},{"taxonomy":"post_tag","embeddable":true,"href":"https:\/\/www.mariaabrahamsson.nu\/index.php\/wp-json\/wp\/v2\/tags?post=8901"}],"curies":[{"name":"wp","href":"https:\/\/api.w.org\/{rel}","templated":true}]}}