{"id":887,"date":"2009-12-20T21:07:25","date_gmt":"2009-12-20T20:07:25","guid":{"rendered":"http:\/\/www.mariaabrahamsson.nu\/?p=887"},"modified":"2020-11-03T17:51:32","modified_gmt":"2020-11-03T16:51:32","slug":"sa-moderaterna-vill-minska-yttrandefriheten","status":"publish","type":"post","link":"https:\/\/www.mariaabrahamsson.nu\/index.php\/2009\/12\/20\/sa-moderaterna-vill-minska-yttrandefriheten\/","title":{"rendered":"S\u00e4g d\u00e5 att yttrandefriheten m\u00e5ste minskas"},"content":{"rendered":"<p><strong>Mobbade p\u00e5 n\u00e4tet <\/strong>ska f\u00e5 ers\u00e4ttning. \u00c4mnet avhandlas av JK G\u00f6ran Lambertz \u00a0<a href=\"http:\/\/www.journalisten.se\/artikel\/10938\/jk-vill-lagstifta-om-skydd-av-privatlivet\">h\u00e4r<\/a> och v\u00e4ckte inte direkt jubel hos <a href=\"http:\/\/www.mariaabrahamsson.nu\/index.php\/2009\/12\/07\/vad-sager-lambertz-hos-pk-i-kvall\/\">Publicistklubben <\/a>h\u00e4romveckan. Detta eftersom en s\u00e5n ordning med n\u00f6dv\u00e4ndighet ocks\u00e5 inneb\u00e4r en begr\u00e4nsning av yttrandefriheten. D\u00e4rav journalistk\u00e5rens samst\u00e4mmiga gallskrik.<\/p>\n<p>Men i dag konfronteras jag allts\u00e5 i <a href=\"http:\/\/www.svd.se\/nyheter\/politik\/mobbad-pa-natet-ska-fa-ersattning_3970019.svd\">SvD<\/a> med den hoppingivande rubriken &#8221;Mobbade p\u00e5 n\u00e4tet ska f\u00e5 ers\u00e4ttning&#8221;. Det \u00e4r en av moderaternas interna arbetsgrupper som har satt ner foten om hur skyddet f\u00f6r den personliga integriteten ska st\u00e4rkas p\u00e5 n\u00e4tet.\u00a0Lysande, var min f\u00f6rsta tanke n\u00e4r jag l\u00e4ste om nyheten i det\u00a0<a href=\"http:\/\/www.svd.se\/kulturnoje\/nyheter\/aren-som-formade-svd_3968707.svd\">125-\u00e5rsfirande <\/a>husorganet. F\u00f6r visst borde det vara n\u00e4rmast sj\u00e4lvklart i en r\u00e4ttsstat att de &#8211; tyv\u00e4rr allt fler &#8211; som har blivit kr\u00e4nkta av publiceringar p\u00e5 n\u00e4tet ska kunna kr\u00e4va och f\u00e5 kompensation f\u00f6r kr\u00e4nkningen.<\/p>\n<p><strong>Problemet \u00e4r bara att partiets <\/strong><a href=\"http:\/\/www.riksdagen.se\/webbnav\/index.aspx?nid=1111&amp;iid=0292756653724\">talesman <\/a>i integritetsfr\u00e5gor verkar ha hoppat \u00f6ver ett tankeled i hur den i och f\u00f6r sig v\u00e4lkomna integritetsskyddsf\u00f6rst\u00e4rkningen ska \u00e5stadkommas.<\/p>\n<p>Mitt parti verkar liksom inte vilja l\u00e5tsas om, eller \u00a0&#8211; hemska tanke &#8211; begripa, att en f\u00f6ruts\u00e4ttning f\u00f6r att m\u00e4nniskor som upplever sig ha blivit kr\u00e4nkta p\u00e5 internet ocks\u00e5 ska kunna f\u00e5 skadest\u00e5nd f\u00f6r obehaget de utsatts f\u00f6r, ja, d\u00e5 kr\u00e4vs att domstol har konstaterat att ett brott (f\u00f6rtal eller \u00e4rekr\u00e4nkning) har beg\u00e5tts.<\/p>\n<p><strong>Detta efter att <\/strong>\u00e5tal har v\u00e4ckts och en jury av lekm\u00e4n har bed\u00f6mt att de p\u00e5st\u00e5tt kr\u00e4nkande uppgifterna p\u00e5 internet \u00e4r brottsliga. S\u00e5 fungerar n\u00e4mligen det grundlagsf\u00e4sta systemet n\u00e4r det g\u00e4ller tryck- och yttrandefrihetsbrott. Och detta inte bara f\u00f6r yttranden i papperstidningar utan ocks\u00e5 &#8211; till f\u00f6ljd av riksdagens grundlags\u00e4ndring 2003 &#8211; \u00a0f\u00f6r vad som skrivs p\u00e5 n\u00e4tet.<\/p>\n<p><strong>Det praktiska resultatet<\/strong> av den grundlags\u00e4ndringen, som Moderaterna var med och beslutade om, \u00e4r att internetanv\u00e4ndare som har betalat det facila priset 2000 kronor f\u00f6r ett s\u00e5 kallat utgivningsbevis, i praktiken \u00e4r fredade mot b\u00e5de straff och skadest\u00e5nd f\u00f6r de skamligheter som de h\u00e4ver ur sig p\u00e5 hemsidor och bloggar.<\/p>\n<p>M\u00f6jligheten f\u00f6r de kr\u00e4nkta att f\u00e5 uppr\u00e4ttelse \u00e4r med den ordningen n\u00e4rmast utesluten. Tyv\u00e4rr \u00e4r l\u00e4get lika illa, om inte v\u00e4rre, om den som kr\u00e4nker slugt har struntat i att skaffa ett utgivningsbevis. D\u00e5 g\u00e4ller brottsbalkens regler och har n\u00e5gon h\u00f6rt att polisen ingripit, \u00e5klagare \u00e5talat och domstol d\u00f6mt n\u00e4tmobbare f\u00f6r deras brott?<\/p>\n<p><strong>Visst, det har<\/strong> kanske h\u00e4nt n\u00e5gon g\u00e5ng men som huvudregel h\u00e4nder det inte. Med f\u00f6ljden att den kr\u00e4nktes m\u00f6jlighet att f\u00e5 ekonomisk kompensation f\u00f6r lidandet \u00e4r lika med noll.<\/p>\n<p><strong>F\u00f6r mig \u00e4r det d\u00e4rf\u00f6r<\/strong> en g\u00e5ta vad Moderaterna egentligen menar n\u00e4r partiet nu s\u00e4ger att de som mobbas p\u00e5 n\u00e4tet l\u00e4ttare \u00e4n i dag ska kunna f\u00e5 ers\u00e4ttning. Utan grundlags\u00e4ndring &#8211; l\u00e4s mindre yttrandefrihet &#8211; g\u00e5r det inte.<\/p>\n<p>Om M menar att grundlagen ska \u00e4ndras i den riktningen, s\u00e4g det d\u00e5 i \u00e4rlighetens namn. B\u00f6rja sen ocks\u00e5 f\u00f6rbereda partiets toppolitiker och gr\u00e4sr\u00f6tter p\u00e5 det enh\u00e4lliga f\u00f6rd\u00f6mande som \u00e4r att v\u00e4nta fr\u00e5n mediev\u00e4rlden. I valr\u00f6relsen 2010.<\/p>\n<p><strong><br \/>\n<\/strong><\/p>\n","protected":false},"excerpt":{"rendered":"<p>Mobbade p\u00e5 n\u00e4tet ska f\u00e5 ers\u00e4ttning. \u00c4mnet avhandlas av JK G\u00f6ran Lambertz \u00a0h\u00e4r och v\u00e4ckte inte direkt jubel hos Publicistklubben h\u00e4romveckan. Detta eftersom en s\u00e5n ordning med n\u00f6dv\u00e4ndighet ocks\u00e5 inneb\u00e4r en begr\u00e4nsning av yttrandefriheten. D\u00e4rav journalistk\u00e5rens samst\u00e4mmiga gallskrik. Men i dag konfronteras jag allts\u00e5 i SvD med den hoppingivande rubriken &#8221;Mobbade p\u00e5 n\u00e4tet ska f\u00e5&hellip;<\/p>\n<p class=\"more-link-p\"><a class=\"more-link\" href=\"https:\/\/www.mariaabrahamsson.nu\/index.php\/2009\/12\/20\/sa-moderaterna-vill-minska-yttrandefriheten\/\">Read more &rarr;<\/a><\/p>\n","protected":false},"author":2,"featured_media":0,"comment_status":"open","ping_status":"open","sticky":false,"template":"","format":"standard","meta":{"footnotes":""},"categories":[1],"tags":[251],"class_list":["post-887","post","type-post","status-publish","format-standard","hentry","category-uncategorized","tag-yttrandefriheten"],"_links":{"self":[{"href":"https:\/\/www.mariaabrahamsson.nu\/index.php\/wp-json\/wp\/v2\/posts\/887","targetHints":{"allow":["GET"]}}],"collection":[{"href":"https:\/\/www.mariaabrahamsson.nu\/index.php\/wp-json\/wp\/v2\/posts"}],"about":[{"href":"https:\/\/www.mariaabrahamsson.nu\/index.php\/wp-json\/wp\/v2\/types\/post"}],"author":[{"embeddable":true,"href":"https:\/\/www.mariaabrahamsson.nu\/index.php\/wp-json\/wp\/v2\/users\/2"}],"replies":[{"embeddable":true,"href":"https:\/\/www.mariaabrahamsson.nu\/index.php\/wp-json\/wp\/v2\/comments?post=887"}],"version-history":[{"count":1,"href":"https:\/\/www.mariaabrahamsson.nu\/index.php\/wp-json\/wp\/v2\/posts\/887\/revisions"}],"predecessor-version":[{"id":13673,"href":"https:\/\/www.mariaabrahamsson.nu\/index.php\/wp-json\/wp\/v2\/posts\/887\/revisions\/13673"}],"wp:attachment":[{"href":"https:\/\/www.mariaabrahamsson.nu\/index.php\/wp-json\/wp\/v2\/media?parent=887"}],"wp:term":[{"taxonomy":"category","embeddable":true,"href":"https:\/\/www.mariaabrahamsson.nu\/index.php\/wp-json\/wp\/v2\/categories?post=887"},{"taxonomy":"post_tag","embeddable":true,"href":"https:\/\/www.mariaabrahamsson.nu\/index.php\/wp-json\/wp\/v2\/tags?post=887"}],"curies":[{"name":"wp","href":"https:\/\/api.w.org\/{rel}","templated":true}]}}