{"id":8846,"date":"2013-01-19T19:23:58","date_gmt":"2013-01-19T18:23:58","guid":{"rendered":"http:\/\/www.mariaabrahamsson.nu\/?p=8846"},"modified":"2013-01-20T11:21:10","modified_gmt":"2013-01-20T10:21:10","slug":"en-sagolikt-vacker-partiintern-dag","status":"publish","type":"post","link":"https:\/\/www.mariaabrahamsson.nu\/index.php\/2013\/01\/19\/en-sagolikt-vacker-partiintern-dag\/","title":{"rendered":"En sagolikt vacker partiintern dag"},"content":{"rendered":"<p><strong>Lagstiftning ska tala<\/strong> om vad som g\u00e4ller, inte vad som b\u00f6r g\u00e4lla. Det \u00e4r min enkla kommentar till j\u00e4mst\u00e4lldhetsminister Nyamko Sabunis sn\u00f6mosiga <a href=\"http:\/\/www.dn.se\/debatt\/vi-maste-lagstifta-for-att-fa-fler-kvinnliga-toppchefer\">regleringsf\u00f6rslag<\/a>\u00a0p\u00e5 DN Debatt.<\/p>\n<p>Sj\u00e4lv har jag \u00e4gnat denna kylslagna l\u00f6rdag \u00e5t kommunstyrelsekonferens tillsammans med moderatkompisar fr\u00e5n\u00a0Stockholm stad och l\u00e4n. Det var 14 minusgrader utanf\u00f6r f\u00f6nstret n\u00e4r taxin plockade upp mig i morse f\u00f6r f\u00e4rd till<a href=\"http:\/\/www.booking.com\/hotel\/se\/elite-marina-tower.sv.html?aid=311094;label=elite-marina-tower-Uk6W6vkc6T7Y8FB29W3vmQS6129504737:pl:ta:p1:p2:ac:ap1t1:neg;ws=&amp;gclid=CNXogMHs9LQCFa52cAod0ikAjA\"> Elite Hotel Marina Tower<\/a>. Och det var sagolikt vackert n\u00e4r jag sl\u00e4pptes av vid Nacka strand d\u00e4r de isiga vatten\u00e5ngorna steg mot skyn och b\u00e4ddade in Skeppsbron och Djurg\u00e5rden i solbelyst rimfrost. Jo, jag beklagade hj\u00e4rtligt r\u00f6karna som stod d\u00e4r ute och \u00f6msom s\u00f6g i sig gifter, \u00f6msom huttrade. Inget kul liv, om ni fr\u00e5gar mig.<\/p>\n<p><strong>Vad som annars avhandlas<\/strong> i s\u00e5dana h\u00e4r partiinterna sammanhang, d\u00e4r moderata statsr\u00e5d och partitoppar beblandar sig med oss meniga, \u00e4r som bekant inte offentligt, men s\u00e5 mycket v\u00e5gar jag \u00e4nd\u00e5 s\u00e4ga att infrastrukturminister Catharina Elms\u00e4ter Sv\u00e4rd imponerade under sitt pass p\u00e5 f\u00f6rmiddagen. Elms\u00e4ter Sv\u00e4rd \u00e4r erk\u00e4nt duktig p\u00e5 att pedagogiskt f\u00f6rklara, och nu inser till och med jag vilka (enorma)\u00a0<a href=\"http:\/\/www.regeringen.se\/sb\/d\/16068\">infrastruktursatsningar<\/a> alliansregeringen g\u00f6r i <a href=\"http:\/\/www.sprakradet.se\/15097\">k\u00f6ttrymden<\/a>! Nej, det \u00e4r ingen h\u00f6goddsare att jag i valr\u00f6relsen \u00e5terkommer till dessa!<\/p>\n<p>Sedan var det hur charmigt som helst att h\u00f6ra mina forne riksdagskollega <a href=\"http:\/\/moderaterna.net\/blog\/2012\/06\/12\/mats-gerdau-foreslas-eftertrada-erik-langby-i-nacka\/\">Mats Gerdau<\/a>,\u00a0sedan ny\u00e5r Nackas kommunstyrelseordf\u00f6rande (kommunalr\u00e5d), v\u00e4lkomna oss alla till hans kommun och oblygt j\u00e4mf\u00f6ra Nacka med Paris som \u00e4r lika stort till ytan. Ja, en ballong och en pumpa kan ocks\u00e5 p\u00e5minna om varandra om man bortser fr\u00e5n andra egenskaper \u00e4n storleken!<\/p>\n<p><strong>P\u00e5 T-banan hem<\/strong> (fr\u00e5n Slussen till Zinken) diskuterade paret framf\u00f6r mig hur i helvete d\u00e5ligt st\u00e4derskan p\u00e5 Saltsj\u00f6banan m\u00e5ste\u00a0<a href=\"http:\/\/www.svd.se\/nyheter\/inrikes\/kvinnan-inte-misstankt-for-tagkrasch_7839568.svd\">m\u00e5 i dag<\/a>. Ja, om hon \u00e4r vid medvetande, t\u00e4nkte \u00a0jag.<\/p>\n<p>Jag hoppas innerligt att min partikompis och tillika Stockholm stads trafiklandstingsr\u00e5d <a href=\"http:\/\/www.moderaterna.net\/christer\/\">Christer G Wennerholm <\/a>&#8211; ocks\u00e5 en av talarna p\u00e5 dagens konferens &#8211;\u00a0bes\u00f6ker kvinnan s\u00e5 fort det blir l\u00e4ge och ber henne om urs\u00e4kt p\u00e5 SL:s v\u00e4gnar.<\/p>\n","protected":false},"excerpt":{"rendered":"<p>Lagstiftning ska tala om vad som g\u00e4ller, inte vad som b\u00f6r g\u00e4lla. Det \u00e4r min enkla kommentar till j\u00e4mst\u00e4lldhetsminister Nyamko Sabunis sn\u00f6mosiga regleringsf\u00f6rslag\u00a0p\u00e5 DN Debatt. Sj\u00e4lv har jag \u00e4gnat denna kylslagna l\u00f6rdag \u00e5t kommunstyrelsekonferens tillsammans med moderatkompisar fr\u00e5n\u00a0Stockholm stad och l\u00e4n. Det var 14 minusgrader utanf\u00f6r f\u00f6nstret n\u00e4r taxin plockade upp mig i morse f\u00f6r&hellip;<\/p>\n<p class=\"more-link-p\"><a class=\"more-link\" href=\"https:\/\/www.mariaabrahamsson.nu\/index.php\/2013\/01\/19\/en-sagolikt-vacker-partiintern-dag\/\">Read more &rarr;<\/a><\/p>\n","protected":false},"author":2,"featured_media":0,"comment_status":"open","ping_status":"open","sticky":false,"template":"","format":"standard","meta":{"footnotes":""},"categories":[1],"tags":[],"class_list":["post-8846","post","type-post","status-publish","format-standard","hentry","category-uncategorized"],"_links":{"self":[{"href":"https:\/\/www.mariaabrahamsson.nu\/index.php\/wp-json\/wp\/v2\/posts\/8846","targetHints":{"allow":["GET"]}}],"collection":[{"href":"https:\/\/www.mariaabrahamsson.nu\/index.php\/wp-json\/wp\/v2\/posts"}],"about":[{"href":"https:\/\/www.mariaabrahamsson.nu\/index.php\/wp-json\/wp\/v2\/types\/post"}],"author":[{"embeddable":true,"href":"https:\/\/www.mariaabrahamsson.nu\/index.php\/wp-json\/wp\/v2\/users\/2"}],"replies":[{"embeddable":true,"href":"https:\/\/www.mariaabrahamsson.nu\/index.php\/wp-json\/wp\/v2\/comments?post=8846"}],"version-history":[{"count":0,"href":"https:\/\/www.mariaabrahamsson.nu\/index.php\/wp-json\/wp\/v2\/posts\/8846\/revisions"}],"wp:attachment":[{"href":"https:\/\/www.mariaabrahamsson.nu\/index.php\/wp-json\/wp\/v2\/media?parent=8846"}],"wp:term":[{"taxonomy":"category","embeddable":true,"href":"https:\/\/www.mariaabrahamsson.nu\/index.php\/wp-json\/wp\/v2\/categories?post=8846"},{"taxonomy":"post_tag","embeddable":true,"href":"https:\/\/www.mariaabrahamsson.nu\/index.php\/wp-json\/wp\/v2\/tags?post=8846"}],"curies":[{"name":"wp","href":"https:\/\/api.w.org\/{rel}","templated":true}]}}