{"id":8837,"date":"2013-01-17T22:56:21","date_gmt":"2013-01-17T21:56:21","guid":{"rendered":"http:\/\/www.mariaabrahamsson.nu\/?p=8837"},"modified":"2013-01-17T23:14:42","modified_gmt":"2013-01-17T22:14:42","slug":"har-antligen-lart-mig-redovisa-reserakningarna","status":"publish","type":"post","link":"https:\/\/www.mariaabrahamsson.nu\/index.php\/2013\/01\/17\/har-antligen-lart-mig-redovisa-reserakningarna\/","title":{"rendered":"Har \u00e4ntligen l\u00e4rt mig redovisa reser\u00e4kningarna!"},"content":{"rendered":"<p><strong>I tv\u00e5 och ett halvt \u00e5r, snart,<\/strong> har jag varje m\u00e5nad v\u00e5ndats \u00f6ver riksdagens datoriserade redovisningssystem f\u00f6r resor, hotellrum, m\u00e5ltider, traktamenten och gud vet allt som h\u00f6r till bestyren f\u00f6r en inlyssnande riksdagsledamot p\u00e5 st\u00e4ndig resa i verkligheten.<\/p>\n<p>Men s\u00e5 i dag, efter lunch, bara best\u00e4mde jag mig f\u00f6r att nu skippar jag \u00e5ngesten, och levererade min f\u00f6rsta (!) felfria reseredovisning (tv\u00e5 hotelln\u00e4tter: en i <a href=\"http:\/\/www.dt.se\/nyheter\/dalarna\/1.5280709-nu-vantar-debatt-om-namndemannen?m=print\">Falun<\/a>, och en helt nyligen i <a href=\"http:\/\/www.smp.se\/nyheter\/lobbyn\/varning-for-straffskatter-pa-landsbygden(3603354).gm\">V\u00e4xj\u00f6<\/a>). Ledamotservice gjorde tummen upp!\u00a0Bra jobbat Maria, s\u00e4ger jag!<\/p>\n<p><strong>Mer d\u00e5? Tja, jag<\/strong> har packat ner adventsljusstaken p\u00e5 tj\u00e4nsterummet, sammantr\u00e4tt med Skatteutskottet, bokat t\u00e5gbiljett till Malm\u00f6, gratulerat k\u00e4re far p\u00e5 72-\u00e5rsdagen, gottat mig \u00e5t alla (121 i skrivande stund) som &#8221;gillat&#8221; min <a href=\"http:\/\/www.mariaabrahamsson.nu\/index.php\/2013\/01\/16\/lovar-halla-trubbelgrytan-kokande-las-damberg-och-barnfattigdomen\/\">g\u00e5rdagsblogg<\/a>\u00a0om SVT och barnfattigdomen, samt i telefon i eftermiddags f\u00f6rs\u00f6kt lugna en uppr\u00f6rd f\u00f6rsvarsv\u00e4nlig v\u00e4ljare, d\u00e4refter sms:at med justitiedepartementets stabschef Christoffer J\u00e4rkeborn, talat med justitieministerns pol sak <a href=\"https:\/\/www.facebook.com\/gustav.gellerbrant\">Gustav Gellerbrandt<\/a>,\u00a0och f\u00f6rberett mig noga inf\u00f6r medverkan i morgondagens <a href=\"http:\/\/sverigesradio.se\/sida\/default.aspx?programid=416\">M\u00e4nniskor och Tro.<\/a><\/p>\n<p>\u00c4mnet som i morgon i P1 kl 14.00 avhandlas av <a href=\"http:\/\/sv.wikipedia.org\/wiki\/Chatrine_P\u00e5lsson_Ahlgren\">Chatrine P\u00e5lsson Ahlgren<\/a>\u00a0och mig \u00e4r surrogatmoderskap, eller som jag f\u00f6redrar att s\u00e4ga &#8211; v\u00e4rdmoderskap. Ser verkligen fram emot att f\u00e5 diskutera saken med KD. Lyssna g\u00e4rna!<\/p>\n<p>&nbsp;<\/p>\n","protected":false},"excerpt":{"rendered":"<p>I tv\u00e5 och ett halvt \u00e5r, snart, har jag varje m\u00e5nad v\u00e5ndats \u00f6ver riksdagens datoriserade redovisningssystem f\u00f6r resor, hotellrum, m\u00e5ltider, traktamenten och gud vet allt som h\u00f6r till bestyren f\u00f6r en inlyssnande riksdagsledamot p\u00e5 st\u00e4ndig resa i verkligheten. Men s\u00e5 i dag, efter lunch, bara best\u00e4mde jag mig f\u00f6r att nu skippar jag \u00e5ngesten, och&hellip;<\/p>\n<p class=\"more-link-p\"><a class=\"more-link\" href=\"https:\/\/www.mariaabrahamsson.nu\/index.php\/2013\/01\/17\/har-antligen-lart-mig-redovisa-reserakningarna\/\">Read more &rarr;<\/a><\/p>\n","protected":false},"author":2,"featured_media":0,"comment_status":"open","ping_status":"open","sticky":false,"template":"","format":"standard","meta":{"footnotes":""},"categories":[1],"tags":[],"class_list":["post-8837","post","type-post","status-publish","format-standard","hentry","category-uncategorized"],"_links":{"self":[{"href":"https:\/\/www.mariaabrahamsson.nu\/index.php\/wp-json\/wp\/v2\/posts\/8837","targetHints":{"allow":["GET"]}}],"collection":[{"href":"https:\/\/www.mariaabrahamsson.nu\/index.php\/wp-json\/wp\/v2\/posts"}],"about":[{"href":"https:\/\/www.mariaabrahamsson.nu\/index.php\/wp-json\/wp\/v2\/types\/post"}],"author":[{"embeddable":true,"href":"https:\/\/www.mariaabrahamsson.nu\/index.php\/wp-json\/wp\/v2\/users\/2"}],"replies":[{"embeddable":true,"href":"https:\/\/www.mariaabrahamsson.nu\/index.php\/wp-json\/wp\/v2\/comments?post=8837"}],"version-history":[{"count":0,"href":"https:\/\/www.mariaabrahamsson.nu\/index.php\/wp-json\/wp\/v2\/posts\/8837\/revisions"}],"wp:attachment":[{"href":"https:\/\/www.mariaabrahamsson.nu\/index.php\/wp-json\/wp\/v2\/media?parent=8837"}],"wp:term":[{"taxonomy":"category","embeddable":true,"href":"https:\/\/www.mariaabrahamsson.nu\/index.php\/wp-json\/wp\/v2\/categories?post=8837"},{"taxonomy":"post_tag","embeddable":true,"href":"https:\/\/www.mariaabrahamsson.nu\/index.php\/wp-json\/wp\/v2\/tags?post=8837"}],"curies":[{"name":"wp","href":"https:\/\/api.w.org\/{rel}","templated":true}]}}