{"id":8523,"date":"2012-11-20T23:31:00","date_gmt":"2012-11-20T22:31:00","guid":{"rendered":"http:\/\/www.mariaabrahamsson.nu\/?p=8523"},"modified":"2012-11-21T09:54:56","modified_gmt":"2012-11-21T08:54:56","slug":"forsoker-men-hjalp-kan-inte-komma-pa-en-rubrik","status":"publish","type":"post","link":"https:\/\/www.mariaabrahamsson.nu\/index.php\/2012\/11\/20\/forsoker-men-hjalp-kan-inte-komma-pa-en-rubrik\/","title":{"rendered":"F\u00f6rs\u00f6ker men hj\u00e4lp, kan inte komma p\u00e5 en rubrik"},"content":{"rendered":"<p><a href=\"http:\/\/www.mariaabrahamsson.nu\/wp-content\/uploads\/2012\/11\/L\u00e4xseminarium..jpg\"><img loading=\"lazy\" decoding=\"async\" class=\"alignleft size-medium wp-image-8525\" title=\"L\u00e4xseminarium.\" src=\"http:\/\/www.mariaabrahamsson.nu\/wp-content\/uploads\/2012\/11\/L\u00e4xseminarium.-300x225.jpg\" alt=\"\" width=\"300\" height=\"225\" srcset=\"https:\/\/www.mariaabrahamsson.nu\/wp-content\/uploads\/2012\/11\/L\u00e4xseminarium.-300x225.jpg 300w, https:\/\/www.mariaabrahamsson.nu\/wp-content\/uploads\/2012\/11\/L\u00e4xseminarium..jpg 320w\" sizes=\"auto, (max-width: 300px) 100vw, 300px\" \/><\/a><strong>Om det inte<\/strong> hade varit f\u00f6r <a href=\"http:\/\/www.riksdagen.se\/sv\/Start\/Press-startsida\/pressmeddelanden\/201213\/Oppen-utfragning-om-skattereduktion-for-laxhjalp\/\">hearingen<\/a> i Skatteutskottet nu p\u00e5 torsdag med anledning av alliansregeringens f\u00f6rslag om\u00a0<a href=\"http:\/\/www.riksdagen.se\/sv\/Dokument-Lagar\/Forslag\/Propositioner-och-skrivelser\/Skattereduktion-for-laxhjalp_H00314\/?text=true\">skattereduktion f\u00f6r l\u00e4xhj\u00e4lp<\/a>, skulle jag f\u00f6rmodligen inte ha infunnit i \u00c5s\u00f6 grundskolas aula i kv\u00e4ll f\u00f6r att delta i\u00a0<a href=\"http:\/\/www.foraldraalliansen.nu\">F\u00f6r\u00e4ldraalliansens<\/a> l\u00e4xseminarium.<\/p>\n<p>Men med facit i hand \u00a0\u00e4r jag glad att jag satt d\u00e4r nedanf\u00f6r scenen och med spetsade \u00f6ron lyssnade p\u00e5 en sp\u00e4nnande paneldiskussion om varf\u00f6r skolor \u00f6ver huvud taget inte b\u00f6r ge elever l\u00e4xor (enligt\u00a0<a href=\"http:\/\/www.rotundaskolan.se\">Rotundaskolans<\/a> rektor Linda Lindahl, l\u00e4ngst till h\u00f6ger) eller om varf\u00f6r rut-avdraget har funkat s\u00e5 bra n\u00e4r det g\u00e4ller l\u00e4xhj\u00e4lp till elever i grundskolan, dvs vid de allt vanligare k\u00f6pen av rut-tj\u00e4nster (Peter Burman, vd\u00a0<a href=\"http:\/\/myacademy.se\/my-academy-metoden\/\">\u00a0My Academy,<\/a>\u00a0l\u00e4ngst till v\u00e4nster).<\/p>\n<p><strong>Och s\u00e5 klart<\/strong> var forskaren <a href=\"http:\/\/hd.se\/familjeliv\/2007\/03\/02\/forskare-varnar-foer-laexstressen\/\">Ingrid Westlund <\/a>j\u00e4tteintressant att lyssna p\u00e5, \u00e4ven om jag inte h\u00f6ll med henne om ett endaste ord. F\u00f6rutom n\u00e4r hon sa att en f\u00f6r\u00e4lder inte ska fr\u00e5ga hur barnet har haft det i skolan, utan i st\u00e4llet\u00a0vad barnet har l\u00e4rt sig i skolan i dag!<\/p>\n<p>Jepp, just d\u00e4r kunde jag k\u00e4nna en sorg \u00f6ver att inte ha ett knyte i den \u00e5ldern. Men s\u00e5 kom TT-flaschen i riksdagsmobilen: Israel och Hamas \u00e4r \u00f6verens om vapenvila i Gaza. Som senare lika flaschigt dementerades. Dock en p\u00e5minnelse om lidandet i v\u00e4rlden och att det inte \u00e4r sj\u00e4lvklart att producera nya barn som ska tvingas dela detta lidande.<\/p>\n<p><strong>I g\u00e5r var jag n\u00e5gon helt <\/strong>annanstans. N\u00e4rmare best\u00e4mt i sal 4, Falu tingsr\u00e4tt. R\u00e4ttssalen var inte lika \u00f6dslig d\u00e5 som f\u00f6rmodligen i kv\u00e4ll. Ut\u00f6ver en handfull advokater, en \u00e5klagare och ett par tingsnotarier infann sig u<a href=\"http:\/\/www.mariaabrahamsson.nu\/wp-content\/uploads\/2012\/11\/Sal-4-Falu-tingsr\u00e4tt..jpg\"><img loading=\"lazy\" decoding=\"async\" class=\"alignright size-medium wp-image-8526\" title=\"Sal 4, Falu tingsr\u00e4tt.\" src=\"http:\/\/www.mariaabrahamsson.nu\/wp-content\/uploads\/2012\/11\/Sal-4-Falu-tingsr\u00e4tt.-300x225.jpg\" alt=\"\" width=\"300\" height=\"225\" srcset=\"https:\/\/www.mariaabrahamsson.nu\/wp-content\/uploads\/2012\/11\/Sal-4-Falu-tingsr\u00e4tt.-300x225.jpg 300w, https:\/\/www.mariaabrahamsson.nu\/wp-content\/uploads\/2012\/11\/Sal-4-Falu-tingsr\u00e4tt..jpg 320w\" sizes=\"auto, (max-width: 300px) 100vw, 300px\" \/><\/a>ppskattningsvis ett 40-tal n\u00e4mndem\u00e4n och dito kvinnor.<\/p>\n<p>Men nej, den f\u00f6rsamlade n\u00e4mndemannak\u00e5ren l\u00e4t sig inte \u00f6vertygas av mitt anf\u00f6rande om varf\u00f6r de b\u00f6r avskaffas, eller i vart fall <a href=\"http:\/\/www.riksdagen.se\/sv\/Dokument-Lagar\/Forslag\/Motioner\/Omprova-namndemannasystemet-_H002Ju317\/?text=true\">f\u00e5 mindre att s\u00e4ga till om<\/a>.<\/p>\n<p><strong>Jag hade v\u00e4l inte<\/strong> heller r\u00e4knat med det.\u00a0Likafullt \u00e4r det i h\u00f6g grad givande att f\u00e5 testa sina tankar p\u00e5 dem som utg\u00f6r m\u00e5ltavlan f\u00f6r ett av mina mest entr\u00e4gna reformbudskap inom domstolsv\u00e4sendet.\u00a0N\u00e4sta tillf\u00e4lle f\u00f6r mig att avskaffa amat\u00f6rdomarna i svenska domstolar blir den 6 december, d\u00e5 har Stockholms n\u00e4mndemannaf\u00f6rening bjudit in justitieutskottets ordf\u00f6rande Morgan Johansson (S) och mig att kivas om systemets vara eller icke vara.<\/p>\n<p>Jag l\u00e4r inte f\u00e5 pluspo\u00e4ng d\u00e5 heller. Det brukar man inte f\u00e5 n\u00e4r man kliver in i lejonets kula.<\/p>\n<p>&nbsp;<\/p>\n","protected":false},"excerpt":{"rendered":"<p>Om det inte hade varit f\u00f6r hearingen i Skatteutskottet nu p\u00e5 torsdag med anledning av alliansregeringens f\u00f6rslag om\u00a0skattereduktion f\u00f6r l\u00e4xhj\u00e4lp, skulle jag f\u00f6rmodligen inte ha infunnit i \u00c5s\u00f6 grundskolas aula i kv\u00e4ll f\u00f6r att delta i\u00a0F\u00f6r\u00e4ldraalliansens l\u00e4xseminarium. Men med facit i hand \u00a0\u00e4r jag glad att jag satt d\u00e4r nedanf\u00f6r scenen och med spetsade \u00f6ron&hellip;<\/p>\n<p class=\"more-link-p\"><a class=\"more-link\" href=\"https:\/\/www.mariaabrahamsson.nu\/index.php\/2012\/11\/20\/forsoker-men-hjalp-kan-inte-komma-pa-en-rubrik\/\">Read more &rarr;<\/a><\/p>\n","protected":false},"author":2,"featured_media":0,"comment_status":"open","ping_status":"open","sticky":false,"template":"","format":"standard","meta":{"footnotes":""},"categories":[1],"tags":[],"class_list":["post-8523","post","type-post","status-publish","format-standard","hentry","category-uncategorized"],"_links":{"self":[{"href":"https:\/\/www.mariaabrahamsson.nu\/index.php\/wp-json\/wp\/v2\/posts\/8523","targetHints":{"allow":["GET"]}}],"collection":[{"href":"https:\/\/www.mariaabrahamsson.nu\/index.php\/wp-json\/wp\/v2\/posts"}],"about":[{"href":"https:\/\/www.mariaabrahamsson.nu\/index.php\/wp-json\/wp\/v2\/types\/post"}],"author":[{"embeddable":true,"href":"https:\/\/www.mariaabrahamsson.nu\/index.php\/wp-json\/wp\/v2\/users\/2"}],"replies":[{"embeddable":true,"href":"https:\/\/www.mariaabrahamsson.nu\/index.php\/wp-json\/wp\/v2\/comments?post=8523"}],"version-history":[{"count":0,"href":"https:\/\/www.mariaabrahamsson.nu\/index.php\/wp-json\/wp\/v2\/posts\/8523\/revisions"}],"wp:attachment":[{"href":"https:\/\/www.mariaabrahamsson.nu\/index.php\/wp-json\/wp\/v2\/media?parent=8523"}],"wp:term":[{"taxonomy":"category","embeddable":true,"href":"https:\/\/www.mariaabrahamsson.nu\/index.php\/wp-json\/wp\/v2\/categories?post=8523"},{"taxonomy":"post_tag","embeddable":true,"href":"https:\/\/www.mariaabrahamsson.nu\/index.php\/wp-json\/wp\/v2\/tags?post=8523"}],"curies":[{"name":"wp","href":"https:\/\/api.w.org\/{rel}","templated":true}]}}