{"id":8501,"date":"2012-11-16T22:49:31","date_gmt":"2012-11-16T21:49:31","guid":{"rendered":"http:\/\/www.mariaabrahamsson.nu\/?p=8501"},"modified":"2012-11-17T10:31:17","modified_gmt":"2012-11-17T09:31:17","slug":"skont-att-fa-slappna-av-som-grasrot-hos-moddarna-i-hogalid","status":"publish","type":"post","link":"https:\/\/www.mariaabrahamsson.nu\/index.php\/2012\/11\/16\/skont-att-fa-slappna-av-som-grasrot-hos-moddarna-i-hogalid\/","title":{"rendered":"Sk\u00f6nt att f\u00e5 slappna av som gr\u00e4srot hos moddarna i H\u00f6galid"},"content":{"rendered":"<p><a href=\"http:\/\/www.mariaabrahamsson.nu\/wp-content\/uploads\/2012\/11\/Styrelsem\u00f6te-med-H\u00f6galid..jpg\"><img loading=\"lazy\" decoding=\"async\" class=\"alignleft size-medium wp-image-8502\" title=\"Styrelsem\u00f6te med H\u00f6galid.\" src=\"http:\/\/www.mariaabrahamsson.nu\/wp-content\/uploads\/2012\/11\/Styrelsem\u00f6te-med-H\u00f6galid.-300x225.jpg\" alt=\"\" width=\"300\" height=\"225\" srcset=\"https:\/\/www.mariaabrahamsson.nu\/wp-content\/uploads\/2012\/11\/Styrelsem\u00f6te-med-H\u00f6galid.-300x225.jpg 300w, https:\/\/www.mariaabrahamsson.nu\/wp-content\/uploads\/2012\/11\/Styrelsem\u00f6te-med-H\u00f6galid..jpg 320w\" sizes=\"auto, (max-width: 300px) 100vw, 300px\" \/><\/a><\/p>\n<p><strong>Stort tack till<\/strong> f\u00f6reningsordf\u00f6rande <a href=\"https:\/\/evald.stockholm.se\/extern\/Person\/2110\">Jonas Nilsson<\/a> (vitskjortan i f\u00f6rgrunden i snygg skyltdockepose) f\u00f6r trevligt samkv\u00e4m i vackert hem!<\/p>\n<p><strong><strong>Det var s\u00e5 <\/strong><\/strong>himla sk\u00f6nt\u00a0att\u00a0i kv\u00e4ll f\u00e5 slappa och plana ut som gr\u00e4srot och ledamot av den moderata H\u00f6galidsf\u00f6reningen!<\/p>\n<p><strong>Vad vi sammantr\u00e4dde om?<\/strong><\/p>\n<p>En hel del, men \u00f6verst p\u00e5 dagordningen stod f\u00f6rst\u00e5s n\u00e4sta l\u00f6rdags kampanj vid Hornstull och den traditionella julgl\u00f6ggen en timme senare med oss H\u00f6galidsmoderater. Har du missat att osa? Inga problem &#8211; det g\u00f6r du <a href=\"http:\/\/moderaterna.net\/hogalid\/2012\/10\/25\/varm-valkommen-pa-hogalidsglogg\/\">h\u00e4r<\/a>! Och Jonas och jag lovar att upptr\u00e4da tillsammans!<\/p>\n<p><strong>Som sagt, det har<\/strong> varit en hektisk vecka. M\u00e5ndagen inleddes visserligen med jobb i hemmets lugna vr\u00e5 men avslutades med spektakul\u00e4r invigning av nya <a href=\"http:\/\/www.improveme.se\/new\/vimmel\/2012-11-12\/clarion-hotel-arlanda-airport#2\">v\u00e4rstinghotellet<\/a>, f\u00f6ljt av tisdagens utskottssammantr\u00e4de, m\u00f6te med riksdagsgruppen och sedan inspirationsanf\u00f6rande (av mig) f\u00f6r nya partimedlemmar.<\/p>\n<p>D\u00e4refter onsdag vilket betyder sammantr\u00e4de och \u00e4rendegenomg\u00e5ng med partikompisarna i Skatteutskottet f\u00f6ljt av veckans voteringar som inleddes med talmannens p\u00e5 samma g\u00e5ng gripande och inspirerande\u00a0<a href=\"http:\/\/www.riksdagen.se\/sv\/Sa-funkar-riksdagen\/Talmannen\/Nyheter-Talmannen\/Parentation-for-forre-talman-Ingegerd-Troedsson\/\">minnestal<\/a> \u00f6ver alla moderaters k\u00e4ra\u00a0<a href=\"http:\/\/sv.wikipedia.org\/wiki\/Ingegerd_Troedsson\">Ingegerd Troedsson<\/a>, Sveriges f\u00f6rsta kvinnliga innehavare av talmans\u00e4mbetet.<\/p>\n<p><strong>D\u00e4r hade den officiella<\/strong> delen av onsdagen kunnat ta slut, men s\u00e5 inte f\u00f6r mig som pinnade vidare till Sch\u00f6nfeldtska praktsalen i Gamla stan d\u00e4r <a href=\"http:\/\/moderatakvinnorshistoria.se\/?page_id=473\">S\u00e4llskapet f\u00f6r Moderata Kvinnors Historia<\/a>\u00a0bjudit in f\u00f6r att hylla <a href=\"http:\/\/www.fokus.se\/2012\/09\/britt-mogard\/\">Britt Mog\u00e5rd <\/a>med en v\u00e4nbok med anledning av hennes 90-\u00e5rsdag den 9 november. Tragiskt nog gick Britt bort utan att ens f\u00e5 reda p\u00e5 v\u00e4nbokens existens, en sorg som vi M-kivnnor bearbetade tillsammans med fina tal, hyggligt med vin och god mat. Jag snubblade v\u00e4l hem n\u00e5gon g\u00e5ng vid 23-blecket, svagt medveten om att jag nog hade retat minst en moderat n\u00e4mndeman till vansinne. Lite sm\u00e5jobbigt.<\/p>\n<p>Torsdagen b\u00f6rjade tack och lov inte f\u00f6rr\u00e4n klockan 10.00 med sammantr\u00e4de i <a href=\"http:\/\/www.domstol.se\/Om-Sveriges-Domstolar\/Domarnamnden\/\">Domarn\u00e4mnden,<\/a> som h\u00e5ller till p\u00e5 <a href=\"http:\/\/sv.wikipedia.org\/wiki\/Riddarholmen\">Riddarholmen <\/a>om n\u00e5gon undrar.\u00a0Sedan lunch med hemlig kontakt p\u00e5 stan f\u00f6ljt av kontorsg\u00f6rom\u00e5l (l\u00e4s mediegenomg\u00e5ng, artikelskrivande, telefonsamtal med v\u00e4ljare, f\u00f6rberedelse inf\u00f6r kommande veckas g\u00e4stspel hos\u00a0<a href=\"http:\/\/www.dt.se\/nyheter\/dalarna\/1.5280709-nu-vantar-debatt-om-namndemannen?m=print\">tingsr\u00e4tten i Falun<\/a>, och en del annat).<\/p>\n<p><strong>Avslutningsvis\u00a0en h\u00e4rlig<\/strong> middag p\u00e5 <a href=\"http:\/\/restaurangprinsen.eu\">Prinsen <\/a>i torsdags kv\u00e4ll med min n\u00e4rmaste medarbetare\u00a0<a href=\"https:\/\/twitter.com\/FredrikKarrholm\">Fredrik<\/a>\u00a0som har l\u00e4mnat mig f\u00f6r jobb hos rikspolischefen. Sj\u00e4lvklart (n\u00e5ja) har Fredrik valt r\u00e4tt, men sj\u00e4lv deppar jag.<\/p>\n<p>Och snart \u00e4r det\u00a0l\u00f6rdag, d\u00e5 ska jag tr\u00e4ffa v\u00e4ljare p\u00e5 stan &#8211; ja, vad trodde ni &#8211; och l\u00e4sa in mig inf\u00f6r tisdagens sammantr\u00e4de i Skatteutskottet. S\u00e5 rullar livet p\u00e5 i en riksdagsledamots liv.<\/p>\n<p>&nbsp;<\/p>\n","protected":false},"excerpt":{"rendered":"<p>Stort tack till f\u00f6reningsordf\u00f6rande Jonas Nilsson (vitskjortan i f\u00f6rgrunden i snygg skyltdockepose) f\u00f6r trevligt samkv\u00e4m i vackert hem! Det var s\u00e5 himla sk\u00f6nt\u00a0att\u00a0i kv\u00e4ll f\u00e5 slappa och plana ut som gr\u00e4srot och ledamot av den moderata H\u00f6galidsf\u00f6reningen! Vad vi sammantr\u00e4dde om? En hel del, men \u00f6verst p\u00e5 dagordningen stod f\u00f6rst\u00e5s n\u00e4sta l\u00f6rdags kampanj vid Hornstull&hellip;<\/p>\n<p class=\"more-link-p\"><a class=\"more-link\" href=\"https:\/\/www.mariaabrahamsson.nu\/index.php\/2012\/11\/16\/skont-att-fa-slappna-av-som-grasrot-hos-moddarna-i-hogalid\/\">Read more &rarr;<\/a><\/p>\n","protected":false},"author":2,"featured_media":0,"comment_status":"open","ping_status":"open","sticky":false,"template":"","format":"standard","meta":{"footnotes":""},"categories":[1],"tags":[],"class_list":["post-8501","post","type-post","status-publish","format-standard","hentry","category-uncategorized"],"_links":{"self":[{"href":"https:\/\/www.mariaabrahamsson.nu\/index.php\/wp-json\/wp\/v2\/posts\/8501","targetHints":{"allow":["GET"]}}],"collection":[{"href":"https:\/\/www.mariaabrahamsson.nu\/index.php\/wp-json\/wp\/v2\/posts"}],"about":[{"href":"https:\/\/www.mariaabrahamsson.nu\/index.php\/wp-json\/wp\/v2\/types\/post"}],"author":[{"embeddable":true,"href":"https:\/\/www.mariaabrahamsson.nu\/index.php\/wp-json\/wp\/v2\/users\/2"}],"replies":[{"embeddable":true,"href":"https:\/\/www.mariaabrahamsson.nu\/index.php\/wp-json\/wp\/v2\/comments?post=8501"}],"version-history":[{"count":0,"href":"https:\/\/www.mariaabrahamsson.nu\/index.php\/wp-json\/wp\/v2\/posts\/8501\/revisions"}],"wp:attachment":[{"href":"https:\/\/www.mariaabrahamsson.nu\/index.php\/wp-json\/wp\/v2\/media?parent=8501"}],"wp:term":[{"taxonomy":"category","embeddable":true,"href":"https:\/\/www.mariaabrahamsson.nu\/index.php\/wp-json\/wp\/v2\/categories?post=8501"},{"taxonomy":"post_tag","embeddable":true,"href":"https:\/\/www.mariaabrahamsson.nu\/index.php\/wp-json\/wp\/v2\/tags?post=8501"}],"curies":[{"name":"wp","href":"https:\/\/api.w.org\/{rel}","templated":true}]}}