{"id":8416,"date":"2012-10-26T19:55:56","date_gmt":"2012-10-26T17:55:56","guid":{"rendered":"http:\/\/www.mariaabrahamsson.nu\/?p=8416"},"modified":"2012-10-26T20:00:16","modified_gmt":"2012-10-26T18:00:16","slug":"borgerliga-valjare-gillar-en-borgerlig-valseger-men-partierna-gillar-mest-sig-sjalva","status":"publish","type":"post","link":"https:\/\/www.mariaabrahamsson.nu\/index.php\/2012\/10\/26\/borgerliga-valjare-gillar-en-borgerlig-valseger-men-partierna-gillar-mest-sig-sjalva\/","title":{"rendered":"Alliansv\u00e4ljare gillar en borgerlig valseger, men partierna gillar &#8230; mest sig sj\u00e4lva?"},"content":{"rendered":"<p><strong>Kan avsl\u00f6ja att<\/strong> jag hela veckan har funderat p\u00e5 att insjukna s\u00e5 jag i morgon eftermiddag slipper att \u00e5ka p\u00e5 studieresa till krutdurken Israel- V\u00e4stbanken-Gaza. Inte blev jag lugnare av att UD r\u00e5der svenskar att f\u00f6r n\u00e4rvarande inte bege sig till s\u00f6dra Israel. Men &#8211; gulp &#8211; det \u00e4r v\u00e4l bara att se faran i vit\u00f6gat &#8230;<\/p>\n<p>Annars har fredagen pr\u00e4glats av glada hejarop och ryggdunk &#8211; ja, i cyberymden allts\u00e5. Anledningen \u00e4r att undertecknad tillsammans med v\u00e4nnen och tidigare statssekreteraren Krister Thelin i en artikel p\u00e5 <a href=\"http:\/\/www.svd.se\/opinion\/brannpunkt\/gor-alliansen-till-riksdagsparti_7615666.svd\">SvD Br\u00e4nnpunkt\u00a0<\/a>tar oss friheten att sl\u00e5 ett slag &#8211; i luften? &#8211; f\u00f6r att alliansregeringen i n\u00e4sta val inte bara ska g\u00e5 fram samlat utan p\u00e5 riksplanet ocks\u00e5 g\u00f6ra det under den gemensamma partibeteckningen Alliansen. Se det g\u00e4rna som ett medskick inf\u00f6r alliansledarnas stundande m\u00f6te hemma hos centerledaren\u00a0<a href=\"http:\/\/www.svd.se\/nyheter\/inrikes\/inget-maramo-mote-fore-arsskiftet_7595228.svd\">Annie L\u00f6\u00f6f i Maram\u00f6.<\/a><\/p>\n<p><strong>Men &#8211; OBS! &#8211; v\u00e5rt f\u00f6rslag<\/strong> inneb\u00e4r INTE att de fyra partierna\u00a0m\u00e5ste g\u00e5 fram med &#8221;en gemensam lista&#8221;! Nej, partierna ska fortfarande ha FYRA OLIKA VALSEDLAR som var och en toppas av den egna partiledaren. Det \u00e4r ett smart s\u00e4tt f\u00f6r alliansen att trygga ett fortsatt regeringsinnehav samtidigt som varje partis s\u00e4rskilda karakt\u00e4r och profil bevaras intakt.<\/p>\n<p>Nej, alla har s\u00e5klart inte jublat \u00f6ver v\u00e5rt f\u00f6rslag. Det tar tid f\u00f6r goda id\u00e9er att sjunka in. Surast \u00e4r de <a href=\"http:\/\/blogg.sydsvenskan.se\/snallposten\/2012\/10\/26\/fyrklover-ar-ingen-eternell\/\">liberala krafter<\/a> som vill bryta upp blockpolitiken och som har hemliga dr\u00f6mmar om ett samarbete mellan socialdemokraterna och folkpartiet, eventuellt ocks\u00e5 med centern. Problemet med den dr\u00f6mmen \u00e4r bara att alliansv\u00e4ljarna s\u00e4ger nej, de gillar tanken p\u00e5 en <a href=\"http:\/\/www.tv4.se\/nyheterna\">borgerlig\u00a0valsamverkan<\/a>\u00a0(jo, man f\u00e5r skrolla en bra bit ner).<\/p>\n","protected":false},"excerpt":{"rendered":"<p>Kan avsl\u00f6ja att jag hela veckan har funderat p\u00e5 att insjukna s\u00e5 jag i morgon eftermiddag slipper att \u00e5ka p\u00e5 studieresa till krutdurken Israel- V\u00e4stbanken-Gaza. Inte blev jag lugnare av att UD r\u00e5der svenskar att f\u00f6r n\u00e4rvarande inte bege sig till s\u00f6dra Israel. Men &#8211; gulp &#8211; det \u00e4r v\u00e4l bara att se faran i&hellip;<\/p>\n<p class=\"more-link-p\"><a class=\"more-link\" href=\"https:\/\/www.mariaabrahamsson.nu\/index.php\/2012\/10\/26\/borgerliga-valjare-gillar-en-borgerlig-valseger-men-partierna-gillar-mest-sig-sjalva\/\">Read more &rarr;<\/a><\/p>\n","protected":false},"author":2,"featured_media":0,"comment_status":"open","ping_status":"open","sticky":false,"template":"","format":"standard","meta":{"footnotes":""},"categories":[1],"tags":[],"class_list":["post-8416","post","type-post","status-publish","format-standard","hentry","category-uncategorized"],"_links":{"self":[{"href":"https:\/\/www.mariaabrahamsson.nu\/index.php\/wp-json\/wp\/v2\/posts\/8416","targetHints":{"allow":["GET"]}}],"collection":[{"href":"https:\/\/www.mariaabrahamsson.nu\/index.php\/wp-json\/wp\/v2\/posts"}],"about":[{"href":"https:\/\/www.mariaabrahamsson.nu\/index.php\/wp-json\/wp\/v2\/types\/post"}],"author":[{"embeddable":true,"href":"https:\/\/www.mariaabrahamsson.nu\/index.php\/wp-json\/wp\/v2\/users\/2"}],"replies":[{"embeddable":true,"href":"https:\/\/www.mariaabrahamsson.nu\/index.php\/wp-json\/wp\/v2\/comments?post=8416"}],"version-history":[{"count":0,"href":"https:\/\/www.mariaabrahamsson.nu\/index.php\/wp-json\/wp\/v2\/posts\/8416\/revisions"}],"wp:attachment":[{"href":"https:\/\/www.mariaabrahamsson.nu\/index.php\/wp-json\/wp\/v2\/media?parent=8416"}],"wp:term":[{"taxonomy":"category","embeddable":true,"href":"https:\/\/www.mariaabrahamsson.nu\/index.php\/wp-json\/wp\/v2\/categories?post=8416"},{"taxonomy":"post_tag","embeddable":true,"href":"https:\/\/www.mariaabrahamsson.nu\/index.php\/wp-json\/wp\/v2\/tags?post=8416"}],"curies":[{"name":"wp","href":"https:\/\/api.w.org\/{rel}","templated":true}]}}