{"id":8307,"date":"2012-10-07T19:06:46","date_gmt":"2012-10-07T17:06:46","guid":{"rendered":"http:\/\/www.mariaabrahamsson.nu\/?p=8307"},"modified":"2012-10-07T19:08:15","modified_gmt":"2012-10-07T17:08:15","slug":"fordel-reinfeldt-men-kvallens-kraftmatning-handlar-om-sa-mycket-mer","status":"publish","type":"post","link":"https:\/\/www.mariaabrahamsson.nu\/index.php\/2012\/10\/07\/fordel-reinfeldt-men-kvallens-kraftmatning-handlar-om-sa-mycket-mer\/","title":{"rendered":"F\u00f6rdel Reinfeldt, men Agendas kraftm\u00e4tning handlar om s\u00e5 mycket mer"},"content":{"rendered":"<p><strong>I febrig v\u00e4ntan<\/strong> p\u00e5 kv\u00e4llens <a href=\"http:\/\/www.svt.se\/nyheter\/sverige\/det-kan-vi-vanta-oss-av-debatten-i-agenda\">partiledardebatt <\/a>har jag knatat runt halva stan. Allt f\u00f6r att &#8221;k\u00e4nna in&#8221; valtemperaturen hos flanerande stockholmsv\u00e4ljare. Nej, jag lyckades inte f\u00e5nga n\u00e5gon valst\u00e4mning alls. Valet 2014 upplevs \u00e4nnu inte som den mest n\u00e4rliggande aktuella h\u00e4ndelsen i stockholmarnas liv en solig oktobers\u00f6ndag, tv\u00e5 \u00e5r kvar till valdagen. Det finns mycket annat att prata om, aktuellt exempel \u00e4r herr och fru provokat\u00f6r Lars Vilks och Elisabeth Ohlson Wallin. Leif GW Persson skriver provocerande om paret\u00a0<a href=\"http:\/\/www.expressen.se\/kronikorer\/leif-gw-persson\/leif-gw-persson-vara-minst-betydande-samhallskritiker\/\">h\u00e4r<\/a>.<\/p>\n<p>Sj\u00e4lv h\u00e5ller jag stenh\u00e5rt tummarna f\u00f6r att kv\u00e4llens partiledardebatt ger v\u00e4ljarna anledning att \u00e4nd\u00e5 s\u00e5 sm\u00e5tt b\u00f6rja fundera p\u00e5 vilken regering som Sverige m\u00e5r b\u00e4st att ledas av. Kv\u00e4llens h\u00f6gst rankade fr\u00e5ga enligt statsvetare <a href=\"http:\/\/www.statsvet.su.se\/homepages\/jenny_madestam.htm\">Jenny Madestam <\/a>\u00e4r mycket riktigt: Vem av Fredrik Reinfeldt och Stefan L\u00f6fven \u00e4r b\u00e4st l\u00e4mpad att styra landet?<\/p>\n<p><strong>En fingervisning<\/strong> kom i <a href=\"http:\/\/www.svd.se\/nyheter\/inrikes\/reinfeldt-drar-ifran-lofven_7560086.svd\">morse<\/a>. F\u00f6rdel Reinfeldt, men kv\u00e4llens kraftm\u00e4tning i SVT handlar om s\u00e5 mycket mer &#8211; <a href=\"http:\/\/www.demoskop.se\/filearchive\/1\/1791\/V\u00e4ljarbarometer%20\u00d6ver%20tid%201998-Okt2012.pdf\">Alliansregeringen<\/a>.<\/p>\n<p>&nbsp;<\/p>\n","protected":false},"excerpt":{"rendered":"<p>I febrig v\u00e4ntan p\u00e5 kv\u00e4llens partiledardebatt har jag knatat runt halva stan. Allt f\u00f6r att &#8221;k\u00e4nna in&#8221; valtemperaturen hos flanerande stockholmsv\u00e4ljare. Nej, jag lyckades inte f\u00e5nga n\u00e5gon valst\u00e4mning alls. Valet 2014 upplevs \u00e4nnu inte som den mest n\u00e4rliggande aktuella h\u00e4ndelsen i stockholmarnas liv en solig oktobers\u00f6ndag, tv\u00e5 \u00e5r kvar till valdagen. Det finns mycket annat&hellip;<\/p>\n<p class=\"more-link-p\"><a class=\"more-link\" href=\"https:\/\/www.mariaabrahamsson.nu\/index.php\/2012\/10\/07\/fordel-reinfeldt-men-kvallens-kraftmatning-handlar-om-sa-mycket-mer\/\">Read more &rarr;<\/a><\/p>\n","protected":false},"author":2,"featured_media":0,"comment_status":"open","ping_status":"open","sticky":false,"template":"","format":"standard","meta":{"footnotes":""},"categories":[1],"tags":[],"class_list":["post-8307","post","type-post","status-publish","format-standard","hentry","category-uncategorized"],"_links":{"self":[{"href":"https:\/\/www.mariaabrahamsson.nu\/index.php\/wp-json\/wp\/v2\/posts\/8307","targetHints":{"allow":["GET"]}}],"collection":[{"href":"https:\/\/www.mariaabrahamsson.nu\/index.php\/wp-json\/wp\/v2\/posts"}],"about":[{"href":"https:\/\/www.mariaabrahamsson.nu\/index.php\/wp-json\/wp\/v2\/types\/post"}],"author":[{"embeddable":true,"href":"https:\/\/www.mariaabrahamsson.nu\/index.php\/wp-json\/wp\/v2\/users\/2"}],"replies":[{"embeddable":true,"href":"https:\/\/www.mariaabrahamsson.nu\/index.php\/wp-json\/wp\/v2\/comments?post=8307"}],"version-history":[{"count":0,"href":"https:\/\/www.mariaabrahamsson.nu\/index.php\/wp-json\/wp\/v2\/posts\/8307\/revisions"}],"wp:attachment":[{"href":"https:\/\/www.mariaabrahamsson.nu\/index.php\/wp-json\/wp\/v2\/media?parent=8307"}],"wp:term":[{"taxonomy":"category","embeddable":true,"href":"https:\/\/www.mariaabrahamsson.nu\/index.php\/wp-json\/wp\/v2\/categories?post=8307"},{"taxonomy":"post_tag","embeddable":true,"href":"https:\/\/www.mariaabrahamsson.nu\/index.php\/wp-json\/wp\/v2\/tags?post=8307"}],"curies":[{"name":"wp","href":"https:\/\/api.w.org\/{rel}","templated":true}]}}