{"id":8245,"date":"2012-09-29T20:03:39","date_gmt":"2012-09-29T18:03:39","guid":{"rendered":"http:\/\/www.mariaabrahamsson.nu\/?p=8245"},"modified":"2012-09-29T20:06:22","modified_gmt":"2012-09-29T18:06:22","slug":"eufori-nu-ser-vi-till-att-vinna-valet","status":"publish","type":"post","link":"https:\/\/www.mariaabrahamsson.nu\/index.php\/2012\/09\/29\/eufori-nu-ser-vi-till-att-vinna-valet\/","title":{"rendered":"Eufori &#8211; nu ser vi till att vinna valet!"},"content":{"rendered":"<p><strong><br \/>\n<\/strong><\/p>\n<p><strong><a href=\"http:\/\/www.mariaabrahamsson.nu\/wp-content\/uploads\/2012\/09\/Valr\u00f6relsen-2014-har-b\u00f6rjat.1.jpeg\"><img loading=\"lazy\" decoding=\"async\" class=\"alignleft size-medium wp-image-8248\" title=\"Valr\u00f6relsen 2014 har b\u00f6rjat.\" src=\"http:\/\/www.mariaabrahamsson.nu\/wp-content\/uploads\/2012\/09\/Valr\u00f6relsen-2014-har-b\u00f6rjat.1-223x300.jpg\" alt=\"\" width=\"223\" height=\"300\" srcset=\"https:\/\/www.mariaabrahamsson.nu\/wp-content\/uploads\/2012\/09\/Valr\u00f6relsen-2014-har-b\u00f6rjat.1-223x300.jpg 223w, https:\/\/www.mariaabrahamsson.nu\/wp-content\/uploads\/2012\/09\/Valr\u00f6relsen-2014-har-b\u00f6rjat.1.jpeg 764w\" sizes=\"auto, (max-width: 223px) 100vw, 223px\" \/><\/a>Reinfeldt kan f\u00e5 toppjobb<\/strong>, hojtar\u00a0<a href=\"http:\/\/www.aftonbladet.se\/nyheter\/article15524982.ab\">Aftonbladet<\/a>\u00a0och antyder att landets moderate statsminister skulle vara aktuell f\u00f6r att axla EU-kommissionens ordf\u00f6rande Jos\u00e9 Manuel Barrosos mantel.\u00a0\u00d6nsket\u00e4nkande, s\u00e4ger jag.<\/p>\n<p>Inte ens som kompromisskandidat skulle EU:s medlemsl\u00e4nder kunna enas kring att ledas av en ordf\u00f6rande fr\u00e5n ett land som st\u00e5r utanf\u00f6r EU:s valutaunion. Och som d\u00e4rtill vill avskaffa jordbruksst\u00f6det och s\u00e4ger blankt nej till en bankunion.<\/p>\n<p><strong>Gissar att Aftonbladet<\/strong>\u00a0nog ocks\u00e5 begriper att man \u00e4r fel ute, men man f\u00f6rs\u00f6ker v\u00e4l g\u00f6ra moderatledaren till en lam anka f\u00f6r resten av mandatperioden och d\u00e4rmed underl\u00e4tta livet f\u00f6r S-ledaren Stefan L\u00f6fven. Visst har han knipit anh\u00e4ngare i landsorten men inte i\u00a0<a href=\"http:\/\/www.dn.se\/sthlm\/ingen-lofveneffekt-pa-stockholmarna\">Stockholm<\/a>, och det \u00e4r i huvudstaden slaget om regeringsmakten st\u00e5r p\u00e5 valnatten.<\/p>\n<p>Jag vill inte vara st\u00f6ddigare \u00e4n vanligt men st\u00e4mningen n\u00e4r vi moderater v\u00e4lkomnade v\u00e5r store ledare\u00a0vid lunchtid p\u00e5 Norrmalmstorg (bilden) p\u00e5minde om <a href=\"http:\/\/www.youtube.com\/watch?v=vWUFMtRR8G8&amp;feature=related\">eufori<\/a>. Valr\u00f6relsen 2014 \u00e4r ig\u00e5ng, allt medan L\u00f6fven har mycket annat att t\u00e4nka p\u00e5,\u00a0<a href=\"http:\/\/www.dagensarena.se\/innehall\/socialdemokraterna-i-malmo-sager-nej-till-vinst-i-valfarden\/\">stort<\/a>\u00a0som <a href=\"http:\/\/www.expressen.se\/nyheter\/s-lagger-locket-pa-gallande-juholt-notan\/\">sm\u00e5tt<\/a>.<\/p>\n<p>&nbsp;<\/p>\n","protected":false},"excerpt":{"rendered":"<p>Reinfeldt kan f\u00e5 toppjobb, hojtar\u00a0Aftonbladet\u00a0och antyder att landets moderate statsminister skulle vara aktuell f\u00f6r att axla EU-kommissionens ordf\u00f6rande Jos\u00e9 Manuel Barrosos mantel.\u00a0\u00d6nsket\u00e4nkande, s\u00e4ger jag. Inte ens som kompromisskandidat skulle EU:s medlemsl\u00e4nder kunna enas kring att ledas av en ordf\u00f6rande fr\u00e5n ett land som st\u00e5r utanf\u00f6r EU:s valutaunion. Och som d\u00e4rtill vill avskaffa jordbruksst\u00f6det och s\u00e4ger&hellip;<\/p>\n<p class=\"more-link-p\"><a class=\"more-link\" href=\"https:\/\/www.mariaabrahamsson.nu\/index.php\/2012\/09\/29\/eufori-nu-ser-vi-till-att-vinna-valet\/\">Read more &rarr;<\/a><\/p>\n","protected":false},"author":2,"featured_media":0,"comment_status":"open","ping_status":"open","sticky":false,"template":"","format":"standard","meta":{"footnotes":""},"categories":[1],"tags":[],"class_list":["post-8245","post","type-post","status-publish","format-standard","hentry","category-uncategorized"],"_links":{"self":[{"href":"https:\/\/www.mariaabrahamsson.nu\/index.php\/wp-json\/wp\/v2\/posts\/8245","targetHints":{"allow":["GET"]}}],"collection":[{"href":"https:\/\/www.mariaabrahamsson.nu\/index.php\/wp-json\/wp\/v2\/posts"}],"about":[{"href":"https:\/\/www.mariaabrahamsson.nu\/index.php\/wp-json\/wp\/v2\/types\/post"}],"author":[{"embeddable":true,"href":"https:\/\/www.mariaabrahamsson.nu\/index.php\/wp-json\/wp\/v2\/users\/2"}],"replies":[{"embeddable":true,"href":"https:\/\/www.mariaabrahamsson.nu\/index.php\/wp-json\/wp\/v2\/comments?post=8245"}],"version-history":[{"count":0,"href":"https:\/\/www.mariaabrahamsson.nu\/index.php\/wp-json\/wp\/v2\/posts\/8245\/revisions"}],"wp:attachment":[{"href":"https:\/\/www.mariaabrahamsson.nu\/index.php\/wp-json\/wp\/v2\/media?parent=8245"}],"wp:term":[{"taxonomy":"category","embeddable":true,"href":"https:\/\/www.mariaabrahamsson.nu\/index.php\/wp-json\/wp\/v2\/categories?post=8245"},{"taxonomy":"post_tag","embeddable":true,"href":"https:\/\/www.mariaabrahamsson.nu\/index.php\/wp-json\/wp\/v2\/tags?post=8245"}],"curies":[{"name":"wp","href":"https:\/\/api.w.org\/{rel}","templated":true}]}}