{"id":8233,"date":"2012-09-28T19:58:21","date_gmt":"2012-09-28T17:58:21","guid":{"rendered":"http:\/\/www.mariaabrahamsson.nu\/?p=8233"},"modified":"2012-09-28T20:05:32","modified_gmt":"2012-09-28T18:05:32","slug":"val-mott-i-valstugan-pa-norrmalms-torg-helt-i-johnnys-anda","status":"publish","type":"post","link":"https:\/\/www.mariaabrahamsson.nu\/index.php\/2012\/09\/28\/val-mott-i-valstugan-pa-norrmalms-torg-helt-i-johnnys-anda\/","title":{"rendered":"Ses i valstugan p\u00e5 Norrmalms torg &#8211; helt i Johnnys anda"},"content":{"rendered":"<p><strong>Drygt 170 personer<\/strong> samlades i eftermiddag p\u00e5 <a href=\"http:\/\/www.skogskyrkogarden.se\/\">Skogskyrkog\u00e5rden <\/a>f\u00f6r att ta ett sista farv\u00e4l av<a href=\"http:\/\/www.munkhammar.org\/blog\/\"> Johnny Munkhammar<\/a>. Om det inte vore f\u00f6r att Johnny sj\u00e4lv var s\u00e5 aktiv ocks\u00e5 i sociala medier hade jag inte bloggat om saken.<\/p>\n<p>Fast\u00e4n Johnny var min kollega i Skatteutskottet k\u00e4nde vi varandra inte j\u00e4ttev\u00e4l. Men vi hann prata en del om detta att l\u00e4mna det fria livet som opinionsbildare f\u00f6r att sugas in i den politiska partiapparaten. Han klarade det galant, febrigt verksam in i det sista, medan jag sj\u00e4lv fortfarande v\u00e5ndas. Johnny var riksdagsledamot i knappt tv\u00e5 \u00e5r, men under den korta tiden vann han respekt och sympati i vida kretsar. Jag tror att han skulle ha gillat synen av alla statsr\u00e5d och andra h\u00f6gdjur som i dag infann sig vid hans minnesstund: F\u00f6rst och fr\u00e4mst riksdagens talman Per Westerberg, sedan en vacker bukett statsr\u00e5d &#8211;\u00a0finansmarknadsminister Peter Norman, n\u00e4ringsminister Annie L\u00f6\u00f6f, j\u00e4mst\u00e4lldhetsminister Nyamko Sabuni, infrastrukturminister Catharina Elms\u00e4ter-Sv\u00e4rd, socialf\u00f6rs\u00e4kringsminister Ulf Kristersson.<\/p>\n<p>Dessutom\u00a0v\u00e5rt partis <a href=\"http:\/\/sv.wikipedia.org\/wiki\/Anna_Kinberg_Batra\">gruppledare<\/a>, som framf\u00f6rde gripande minnesord, en dr\u00f6s riksdagskolleger och en och annan statssekreterare (f\u00f6rl\u00e5t om jag har missat n\u00e5gon).<\/p>\n<div><strong>Sorgen har sin tid<\/strong>, gl\u00e4djen och den politiska vardagen sin. I morgon l\u00f6rdag klockan 12.00 inviger moderatledaren och tillika statsministern Fredrik Reinfeldt <a href=\"https:\/\/www.facebook.com\/events\/333533566742863\/permalink\/333533573409529\/\">valstugan<\/a> p\u00e5 Norrmalms torg. Jag kommer att vara d\u00e4r, Johnny hade bergis ocks\u00e5 varit p\u00e5 plats.\u00a0I morgon kickar vi allts\u00e5 ig\u00e5ng kampanjen f\u00f6r ytterligare en borgerlig valseger 2014!<\/div>\n<div><\/div>\n","protected":false},"excerpt":{"rendered":"<p>Drygt 170 personer samlades i eftermiddag p\u00e5 Skogskyrkog\u00e5rden f\u00f6r att ta ett sista farv\u00e4l av Johnny Munkhammar. Om det inte vore f\u00f6r att Johnny sj\u00e4lv var s\u00e5 aktiv ocks\u00e5 i sociala medier hade jag inte bloggat om saken. Fast\u00e4n Johnny var min kollega i Skatteutskottet k\u00e4nde vi varandra inte j\u00e4ttev\u00e4l. Men vi hann prata en&hellip;<\/p>\n<p class=\"more-link-p\"><a class=\"more-link\" href=\"https:\/\/www.mariaabrahamsson.nu\/index.php\/2012\/09\/28\/val-mott-i-valstugan-pa-norrmalms-torg-helt-i-johnnys-anda\/\">Read more &rarr;<\/a><\/p>\n","protected":false},"author":2,"featured_media":0,"comment_status":"open","ping_status":"open","sticky":false,"template":"","format":"standard","meta":{"footnotes":""},"categories":[1],"tags":[],"class_list":["post-8233","post","type-post","status-publish","format-standard","hentry","category-uncategorized"],"_links":{"self":[{"href":"https:\/\/www.mariaabrahamsson.nu\/index.php\/wp-json\/wp\/v2\/posts\/8233","targetHints":{"allow":["GET"]}}],"collection":[{"href":"https:\/\/www.mariaabrahamsson.nu\/index.php\/wp-json\/wp\/v2\/posts"}],"about":[{"href":"https:\/\/www.mariaabrahamsson.nu\/index.php\/wp-json\/wp\/v2\/types\/post"}],"author":[{"embeddable":true,"href":"https:\/\/www.mariaabrahamsson.nu\/index.php\/wp-json\/wp\/v2\/users\/2"}],"replies":[{"embeddable":true,"href":"https:\/\/www.mariaabrahamsson.nu\/index.php\/wp-json\/wp\/v2\/comments?post=8233"}],"version-history":[{"count":0,"href":"https:\/\/www.mariaabrahamsson.nu\/index.php\/wp-json\/wp\/v2\/posts\/8233\/revisions"}],"wp:attachment":[{"href":"https:\/\/www.mariaabrahamsson.nu\/index.php\/wp-json\/wp\/v2\/media?parent=8233"}],"wp:term":[{"taxonomy":"category","embeddable":true,"href":"https:\/\/www.mariaabrahamsson.nu\/index.php\/wp-json\/wp\/v2\/categories?post=8233"},{"taxonomy":"post_tag","embeddable":true,"href":"https:\/\/www.mariaabrahamsson.nu\/index.php\/wp-json\/wp\/v2\/tags?post=8233"}],"curies":[{"name":"wp","href":"https:\/\/api.w.org\/{rel}","templated":true}]}}