{"id":8175,"date":"2012-09-23T20:20:21","date_gmt":"2012-09-23T18:20:21","guid":{"rendered":"http:\/\/www.mariaabrahamsson.nu\/?p=8175"},"modified":"2012-09-23T20:24:34","modified_gmt":"2012-09-23T18:24:34","slug":"en-helg-utan-m-kampanj-ar-ingen-helg-numera","status":"publish","type":"post","link":"https:\/\/www.mariaabrahamsson.nu\/index.php\/2012\/09\/23\/en-helg-utan-m-kampanj-ar-ingen-helg-numera\/","title":{"rendered":"En helg utan M-kampanj \u00e4r ingen helg, numera"},"content":{"rendered":"<p><a href=\"http:\/\/www.mariaabrahamsson.nu\/wp-content\/uploads\/2012\/09\/Bussen-v\u00e4ntar..jpeg\"><img loading=\"lazy\" decoding=\"async\" class=\"alignleft size-medium wp-image-8176\" title=\"Bussen v\u00e4ntar.\" src=\"http:\/\/www.mariaabrahamsson.nu\/wp-content\/uploads\/2012\/09\/Bussen-v\u00e4ntar.-223x300.jpg\" alt=\"\" width=\"223\" height=\"300\" srcset=\"https:\/\/www.mariaabrahamsson.nu\/wp-content\/uploads\/2012\/09\/Bussen-v\u00e4ntar.-223x300.jpg 223w, https:\/\/www.mariaabrahamsson.nu\/wp-content\/uploads\/2012\/09\/Bussen-v\u00e4ntar..jpeg 764w\" sizes=\"auto, (max-width: 223px) 100vw, 223px\" \/><\/a><strong>\u00c5ter i Svedala<\/strong> sedan i fredags efter ett par dygns h\u00e5rt konfererande p\u00e5 temat den svenska v\u00e4lf\u00e4rden\u00a0och\u00a0&#8211; inte minst viktigt &#8211; vilka reformer som kr\u00e4vs inom \u00f6versk\u00e5dlig tid f\u00f6r att m\u00f6ta v\u00e4lf\u00e4rdens utmaningar, p\u00e5frestningar om man s\u00e5 vill.<\/p>\n<p>F\u00f6rutom att konferensen var mycket givande till inneh\u00e5llet kan jag inte neka till att det f\u00f6r mig personligen var kul att bli upptagen i detta exklusiva s\u00e4llskap av forskare, f\u00f6rfattare, n\u00e4ringslivsprofiler, framg\u00e5ngsrika f\u00f6retagare, borgerliga id\u00e9sprutor av skilda schatteringar och s\u00e5 en och annan f\u00f6retr\u00e4dare f\u00f6r ett &#8221;s\u00e4rintresse&#8221;, f\u00f6r att l\u00e5na jargongen fr\u00e5n en viss finansminister. Allt kryddat med en handfull politiker p\u00e5 allianskanten, d\u00e4ribland jag. Vad m\u00f6tet betyder f\u00f6r den framtida politiken \u00e4r s\u00e5 klart ingen exakt vetenskap, men resultatet l\u00e4r m\u00e4rkas i samh\u00e4llsdebatten vad det lider. Hav t\u00e5lamod till dess.<\/p>\n<p><a href=\"http:\/\/www.mariaabrahamsson.nu\/wp-content\/uploads\/2012\/09\/M-t\u00e4ltet-p\u00e5-Medborgarplatsen..jpeg\"><img loading=\"lazy\" decoding=\"async\" class=\"alignright size-medium wp-image-8183\" title=\"M-t\u00e4ltet p\u00e5 Medborgarplatsen.\" src=\"http:\/\/www.mariaabrahamsson.nu\/wp-content\/uploads\/2012\/09\/M-t\u00e4ltet-p\u00e5-Medborgarplatsen.-300x223.jpg\" alt=\"\" width=\"300\" height=\"223\" srcset=\"https:\/\/www.mariaabrahamsson.nu\/wp-content\/uploads\/2012\/09\/M-t\u00e4ltet-p\u00e5-Medborgarplatsen.-300x223.jpg 300w, https:\/\/www.mariaabrahamsson.nu\/wp-content\/uploads\/2012\/09\/M-t\u00e4ltet-p\u00e5-Medborgarplatsen..jpeg 1024w\" sizes=\"auto, (max-width: 300px) 100vw, 300px\" \/><\/a><\/p>\n<p><strong>En helg utan l\u00f6rdagskampanj<\/strong> \u00e4r numera ingen riktig helg i mitt liv. S\u00e5 i l\u00f6rdags strax efter lunch infann jag mig i M-t\u00e4ltet p\u00e5 Medborgarplatsen d\u00e4r vi konkurrerade om uppm\u00e4rksamheten p\u00e5 S\u00f6derandans dag. Sj\u00e4lv hann jag nog haffa ett tjogtal s\u00f6derbor som faktiskt tog sig tid att svara p\u00e5 fr\u00e5gan: <em>Vad \u00e4r viktigast f\u00f6r dig i stadsdelen d\u00e4r du bor?<\/em><\/p>\n<p><strong>Damen vid pass 80<\/strong> med rullator var arg p\u00e5 biltrafiken i korsningen \u00c5s\u00f6gatan\/G\u00f6tgatan. Uppr\u00f6rd \u00f6ver biltrafikanters h\u00e4nsynsl\u00f6shet var ocks\u00e5 kvinnan med ett barnbarn klamrandes i vardera armen. I hennes fall g\u00e4llde det bussfilen p\u00e5 Swedenborgsgatan, d\u00e4r kvinnan menade att bilisterna snyltar sig in och g\u00f6r det farligt sv\u00e5rt att ta sig \u00f6ver gatan.<\/p>\n<p>Vad g\u00f6ra \u00e5t detta, t\u00e4nker jag. Ringa till ansvariga politikerna i Stadshuset? Eller tala allvar med <a href=\"http:\/\/www.riksdagen.se\/sv\/ledamoter-partier\/Hitta-ledamot\/Ledamoter\/Rdhstrm-Jan-Evert-0946889218011\/\">Jan-Evert R\u00e5dhstr\u00f6m<\/a>\u00a0och andra kolleger i riksdagens Trafikutskott? N\u00e5got s\u00e4ger mig att det inte \u00e4r l\u00f6nt, s\u00e4rskilt som trafiksituationen p\u00e5 S\u00f6dermalm inte \u00e4r en fr\u00e5ga f\u00f6r rikspolitiken.<\/p>\n<p><strong>Som politiker med s\u00e4rskild<\/strong> k\u00e4nsla f\u00f6r S\u00f6dermalm tror jag mer p\u00e5 att f\u00e5 ig\u00e5ng en hejdundrande diskussion om vad allt m\u00e4nniskor har att vinna p\u00e5 att bli mer \u00a0solidariska och sn\u00e4lla mot varandra. D\u00e5 skulle inte bara biltrafikanterna bli mer h\u00e4nsynsfulla, cyklisterna lugnare, fimparna f\u00e4rre och hundskitarna v\u00e4ck fr\u00e5n trottoarerna, vi skulle ocks\u00e5 spara pengar som i st\u00e4llet kan satsas p\u00e5 den d\u00e4r v\u00e4lf\u00e4rden som st\u00e5r inf\u00f6r stora utmaningar.<\/p>\n<p>S\u00e5 fl\u00e4tas den stora v\u00e4rlden samman med den lilla, s\u00e5 ocks\u00e5 i morgon, och dagen d\u00e4rp\u00e5, och n\u00e4sta dag och n\u00e4sta.<\/p>\n<p><strong>Men nu v\u00e4ntar jag<\/strong> &#8211; vi? &#8211; sp\u00e4nt p\u00e5 <a href=\"http:\/\/www.svt.se\/agenda\/fredrik-reinfeldt-i-agenda\">statsministern i Agenda<\/a>!<\/p>\n<p>&nbsp;<\/p>\n","protected":false},"excerpt":{"rendered":"<p>\u00c5ter i Svedala sedan i fredags efter ett par dygns h\u00e5rt konfererande p\u00e5 temat den svenska v\u00e4lf\u00e4rden\u00a0och\u00a0&#8211; inte minst viktigt &#8211; vilka reformer som kr\u00e4vs inom \u00f6versk\u00e5dlig tid f\u00f6r att m\u00f6ta v\u00e4lf\u00e4rdens utmaningar, p\u00e5frestningar om man s\u00e5 vill. F\u00f6rutom att konferensen var mycket givande till inneh\u00e5llet kan jag inte neka till att det f\u00f6r mig&hellip;<\/p>\n<p class=\"more-link-p\"><a class=\"more-link\" href=\"https:\/\/www.mariaabrahamsson.nu\/index.php\/2012\/09\/23\/en-helg-utan-m-kampanj-ar-ingen-helg-numera\/\">Read more &rarr;<\/a><\/p>\n","protected":false},"author":2,"featured_media":0,"comment_status":"open","ping_status":"open","sticky":false,"template":"","format":"standard","meta":{"footnotes":""},"categories":[1],"tags":[],"class_list":["post-8175","post","type-post","status-publish","format-standard","hentry","category-uncategorized"],"_links":{"self":[{"href":"https:\/\/www.mariaabrahamsson.nu\/index.php\/wp-json\/wp\/v2\/posts\/8175","targetHints":{"allow":["GET"]}}],"collection":[{"href":"https:\/\/www.mariaabrahamsson.nu\/index.php\/wp-json\/wp\/v2\/posts"}],"about":[{"href":"https:\/\/www.mariaabrahamsson.nu\/index.php\/wp-json\/wp\/v2\/types\/post"}],"author":[{"embeddable":true,"href":"https:\/\/www.mariaabrahamsson.nu\/index.php\/wp-json\/wp\/v2\/users\/2"}],"replies":[{"embeddable":true,"href":"https:\/\/www.mariaabrahamsson.nu\/index.php\/wp-json\/wp\/v2\/comments?post=8175"}],"version-history":[{"count":0,"href":"https:\/\/www.mariaabrahamsson.nu\/index.php\/wp-json\/wp\/v2\/posts\/8175\/revisions"}],"wp:attachment":[{"href":"https:\/\/www.mariaabrahamsson.nu\/index.php\/wp-json\/wp\/v2\/media?parent=8175"}],"wp:term":[{"taxonomy":"category","embeddable":true,"href":"https:\/\/www.mariaabrahamsson.nu\/index.php\/wp-json\/wp\/v2\/categories?post=8175"},{"taxonomy":"post_tag","embeddable":true,"href":"https:\/\/www.mariaabrahamsson.nu\/index.php\/wp-json\/wp\/v2\/tags?post=8175"}],"curies":[{"name":"wp","href":"https:\/\/api.w.org\/{rel}","templated":true}]}}