{"id":8151,"date":"2012-09-18T22:42:10","date_gmt":"2012-09-18T20:42:10","guid":{"rendered":"http:\/\/www.mariaabrahamsson.nu\/?p=8151"},"modified":"2012-09-18T22:53:58","modified_gmt":"2012-09-18T20:53:58","slug":"faller-inte-trans-for-den-store-ledaren-men-vilken-regeringsforklaring","status":"publish","type":"post","link":"https:\/\/www.mariaabrahamsson.nu\/index.php\/2012\/09\/18\/faller-inte-trans-for-den-store-ledaren-men-vilken-regeringsforklaring\/","title":{"rendered":"Faller i trans f\u00f6r den store ledaren, vilken regeringsf\u00f6rklaring!"},"content":{"rendered":"<p><a href=\"http:\/\/www.mariaabrahamsson.nu\/wp-content\/uploads\/2012\/09\/Riksm\u00f6tet-201213-\u00e4r-\u00f6ppnat..jpeg\"><img loading=\"lazy\" decoding=\"async\" class=\"alignleft size-medium wp-image-8152\" title=\"Riksm\u00f6tet 2012:13 \u00e4r \u00f6ppnat.\" src=\"http:\/\/www.mariaabrahamsson.nu\/wp-content\/uploads\/2012\/09\/Riksm\u00f6tet-201213-\u00e4r-\u00f6ppnat.-300x223.jpg\" alt=\"\" width=\"300\" height=\"223\" srcset=\"https:\/\/www.mariaabrahamsson.nu\/wp-content\/uploads\/2012\/09\/Riksm\u00f6tet-201213-\u00e4r-\u00f6ppnat.-300x223.jpg 300w, https:\/\/www.mariaabrahamsson.nu\/wp-content\/uploads\/2012\/09\/Riksm\u00f6tet-201213-\u00e4r-\u00f6ppnat..jpeg 1024w\" sizes=\"auto, (max-width: 300px) 100vw, 300px\" \/><\/a><strong>Riksm\u00f6tet \u00f6ppnades<\/strong>\u00a0h\u00f6gtidligen i eftermiddags. \u00c4ntligen, s\u00e4ger alla vi som l\u00e4ngtar efter att \u00e5terigen med hull och h\u00e5r f\u00e5 \u00e4gna oss \u00e5t politiken. Samtidigt kan jag f\u00f6rest\u00e4lla mig \u00e5ngesten hos Socialdemokraterna som allt intensivare kommer att avkr\u00e4vas besked om var de egentligen st\u00e5r i politiken. Bland annat i den br\u00e4nnheta fr\u00e5gan om\u00a0<a href=\"http:\/\/www.dn.se\/nyheter\/politik\/malmo-s-ingen-vardvinst\">vinster i v\u00e4lf\u00e4rden<\/a>.\u00a0Min fr\u00e4msta huvudv\u00e4rk\u00a0\u00e4r inte alls vinsterna i sig, utan hur m\u00e5nga anst\u00e4llda i den privata v\u00e4lf\u00e4rdssektorn &#8211; v\u00e5rden, skolan och omsorgen &#8211; som Socialdemokraterna och LO kan t\u00e4nka sig att sparka om S-partiet f\u00f6rbjuder v\u00e4lf\u00e4rdsf\u00f6retag att g\u00e5 med vinst?<\/p>\n<p>N\u00e4sta stora och f\u00f6r Socialdemokraterna \u00e5ngestframkallande fr\u00e5ga i inrikespolitiken g\u00e4ller vilka andra partier Stefan L\u00f6fven t\u00e4nker sig att bilda regering med om han skulle f\u00e5 chansen att g\u00f6ra det efter valet 2014? \u00a0I dag \u00e4r det ingen som vet.<\/p>\n<p><strong>Sverige \u00e4r en r\u00e4ttsstat<\/strong>, insk\u00e4rpte Statschefen i riksdagens talarstol i sitt\u00a0<a href=\"http:\/\/www.kungahuset.se\/kungafamiljen\/hmkonungcarlxvigustaf\/tal\/hmkaretstal\/hmkonungenstalvidriksmotetsoppnandetisdagenden18september2012.5.292a62ce13848168ac51524.html\">\u00f6ppningsanf\u00f6rande<\/a>. Jag nickade inst\u00e4mmande\u00a0\u00e5t sj\u00e4lvklarheten i min b\u00e4nk och bl\u00e4ddrade i minnet men kunde inte komma p\u00e5 att jag tidigare har h\u00f6rt kungen s\u00e4ga n\u00e5got lika viktigt och f\u00f6rpliktigande. Majest\u00e4tet\u00a0gjorde ocks\u00e5 en markering mot brott och otrygghet med betoning p\u00e5 \u00e4ldres och yngres r\u00e4dsla f\u00f6r att uts\u00e4ttas f\u00f6r brott. Jag nickade inst\u00e4mmande \u00e4ven till detta. Ett \u00a0musikstycke senare med\u00a0<a href=\"http:\/\/www.liseochgertrud.se\/sv\/upplev\/musik\/\">Lise &amp; Gertrud<\/a>, nej, det \u00e4r inte varje dag man h\u00f6r Bob Dylans Blowin&#8217; in the wind framf\u00f6ras i kammaren,\u00a0h\u00f6ll statsminister Fredrik Reinfeldt sin <a href=\"http:\/\/www.regeringen.se\/sb\/d\/3039\/a\/199489\">sjunde regeringsf\u00f6rklaring<\/a>.<\/p>\n<p><strong>Det ligger inte<\/strong> f\u00f6r mig att p\u00e5 best\u00e4llning falla i trans f\u00f6r den stora ledaren men jag m\u00e5ste medge att jag blev v\u00e4ldigt f\u00f6rtjust i regeringens 1,5-miljardersf\u00f6rst\u00e4rkning av r\u00e4ttsv\u00e4sendet. P\u00e5 den punkten blev ocks\u00e5 kungen omedelbart b\u00f6nh\u00f6rd, tyckte v\u00e4l att han s\u00e5g ovanligt n\u00f6jd ut n\u00e4r han l\u00e4mnade kammaren! Regeringens budgetproposition presenteras dock i sin helhet inte f\u00f6rr\u00e4n p\u00e5 torsdag, f\u00f6rst d\u00e5 vet vi s\u00e4kert hur den aviserade <a href=\"http:\/\/sverigesradio.se\/sida\/gruppsida.aspx?programid=83&amp;grupp=10974&amp;artikel=5274827\">23-miljardesinvestering<\/a> i konungariket Sverige konkret faller ut. F\u00f6r egen del befinner jag mig d\u00e5 i London, p\u00e5 id\u00e9konferens om v\u00e4lf\u00e4rden i\u00a0<a href=\"http:\/\/www.frittnaringsliv.se\/\">Stiftelsen Fritt N\u00e4ringslivs <\/a>regi. Ber allts\u00e5 att f\u00e5 \u00e5terkomma i fr\u00e5gan.<\/p>\n<p>Men innan jag st\u00e4nger ner f\u00f6r i kv\u00e4ll m\u00e5ste\u00a0jag gratulera oss som f\u00e5r allergiska utslag av tanken p\u00e5 tv\u00e5ngskvotering av kvinnor till b\u00f6rsnoterade bolagsstyrelse. I den fr\u00e5gan har EU-kommissionens kvoteringsapostel Viviane Reding av allt att d\u00f6ma lyckligtvis\u00a0<a href=\"http:\/\/www.svd.se\/naringsliv\/nyheter\/varlden\/protest-mot-kvotering_7505918.svd\">huggit i sten<\/a>. Och varf\u00f6r \u00e4r det bra? Jo, d\u00e4rf\u00f6r att EU inte har ett smack att g\u00f6ra med hur \u00e4garna till svenska eller f\u00f6r den delen andra EU-l\u00e4nders aktiebolag komponerar sina styrelser!<\/p>\n<p>&nbsp;<\/p>\n","protected":false},"excerpt":{"rendered":"<p>Riksm\u00f6tet \u00f6ppnades\u00a0h\u00f6gtidligen i eftermiddags. \u00c4ntligen, s\u00e4ger alla vi som l\u00e4ngtar efter att \u00e5terigen med hull och h\u00e5r f\u00e5 \u00e4gna oss \u00e5t politiken. Samtidigt kan jag f\u00f6rest\u00e4lla mig \u00e5ngesten hos Socialdemokraterna som allt intensivare kommer att avkr\u00e4vas besked om var de egentligen st\u00e5r i politiken. Bland annat i den br\u00e4nnheta fr\u00e5gan om\u00a0vinster i v\u00e4lf\u00e4rden.\u00a0Min fr\u00e4msta huvudv\u00e4rk\u00a0\u00e4r&hellip;<\/p>\n<p class=\"more-link-p\"><a class=\"more-link\" href=\"https:\/\/www.mariaabrahamsson.nu\/index.php\/2012\/09\/18\/faller-inte-trans-for-den-store-ledaren-men-vilken-regeringsforklaring\/\">Read more &rarr;<\/a><\/p>\n","protected":false},"author":2,"featured_media":0,"comment_status":"open","ping_status":"open","sticky":false,"template":"","format":"standard","meta":{"footnotes":""},"categories":[1],"tags":[],"class_list":["post-8151","post","type-post","status-publish","format-standard","hentry","category-uncategorized"],"_links":{"self":[{"href":"https:\/\/www.mariaabrahamsson.nu\/index.php\/wp-json\/wp\/v2\/posts\/8151","targetHints":{"allow":["GET"]}}],"collection":[{"href":"https:\/\/www.mariaabrahamsson.nu\/index.php\/wp-json\/wp\/v2\/posts"}],"about":[{"href":"https:\/\/www.mariaabrahamsson.nu\/index.php\/wp-json\/wp\/v2\/types\/post"}],"author":[{"embeddable":true,"href":"https:\/\/www.mariaabrahamsson.nu\/index.php\/wp-json\/wp\/v2\/users\/2"}],"replies":[{"embeddable":true,"href":"https:\/\/www.mariaabrahamsson.nu\/index.php\/wp-json\/wp\/v2\/comments?post=8151"}],"version-history":[{"count":0,"href":"https:\/\/www.mariaabrahamsson.nu\/index.php\/wp-json\/wp\/v2\/posts\/8151\/revisions"}],"wp:attachment":[{"href":"https:\/\/www.mariaabrahamsson.nu\/index.php\/wp-json\/wp\/v2\/media?parent=8151"}],"wp:term":[{"taxonomy":"category","embeddable":true,"href":"https:\/\/www.mariaabrahamsson.nu\/index.php\/wp-json\/wp\/v2\/categories?post=8151"},{"taxonomy":"post_tag","embeddable":true,"href":"https:\/\/www.mariaabrahamsson.nu\/index.php\/wp-json\/wp\/v2\/tags?post=8151"}],"curies":[{"name":"wp","href":"https:\/\/api.w.org\/{rel}","templated":true}]}}