{"id":8138,"date":"2012-09-18T00:24:07","date_gmt":"2012-09-17T22:24:07","guid":{"rendered":"http:\/\/www.mariaabrahamsson.nu\/?p=8138"},"modified":"2012-09-18T09:13:24","modified_gmt":"2012-09-18T07:13:24","slug":"matte-regeringsforklaringen-ge-besked-om-rattssakerheten","status":"publish","type":"post","link":"https:\/\/www.mariaabrahamsson.nu\/index.php\/2012\/09\/18\/matte-regeringsforklaringen-ge-besked-om-rattssakerheten\/","title":{"rendered":"M\u00e5tte regeringsf\u00f6rklaringen ge besked om r\u00e4ttss\u00e4kerheten"},"content":{"rendered":"<p><strong>Hade m\u00f6te med<\/strong> min pol sek <a href=\"https:\/\/twitter.com\/FredrikKarrholm\">Fredrik <\/a>f\u00f6r att g\u00e5 igenom vad jag egentligen ska s\u00e4ga i London p\u00e5 fredag med anledning av &#8230; jag \u00e5terkommer om vad.<\/p>\n<p>Riksdagsarbetet har rullat ig\u00e5ng.<\/p>\n<p><strong>P\u00e5 eftermiddagen<\/strong> sammantr\u00e4de med den moderata riksdagsgruppen d\u00e4r statsministern redogjorde f\u00f6r l\u00e4get i politiken. Och tja, vad ska man s\u00e4ga mer \u00e4n att vi p\u00e5 den borgerliga kanten h\u00e5ller andan och v\u00e4ntar med sp\u00e4nning p\u00e5 S-ledaren Stefans L\u00f6fvens f\u00f6rklaring om hur v\u00e4lf\u00e4rden ska finansieras &#8211; med eller utan vinst? &#8211; och med vilka L\u00f6fven t\u00e4nker sig att leda landet i fall olyckan skulle vara framme och han f\u00e5r chansen 2014.<\/p>\n<p>Kan inflika att jag redan har sett <a href=\"http:\/\/www.youtube.com\/watch?v=HHU0HceY5ko&amp;feature=endscreen\">Palmefilmen<\/a>. Den \u00e4r mycket bra om kanske aningen l\u00e5ng. I filmen \u00e4r\u00a0Olof Palme mycket tydlig i beskrivningen av sig sj\u00e4lv som <a href=\"http:\/\/www.youtube.com\/watch?v=_3ZebXTWN-0\">Demokratisk socialist.<\/a>\u00a0Ungef\u00e4r p\u00e5 samma s\u00e4tt som H\u00e5kan Juholt var v\u00e4ldigt tydlig i beskrivningen av sig sj\u00e4lv som <a href=\"http:\/\/www.youtube.com\/watch?v=ik9CdZRmg90\">Social demokrat<\/a>.\u00a0Vilken variant som inspirerar Stefan L\u00f6fven vet inte jag.<\/p>\n<p><strong>Hur som helst,<\/strong> i kv\u00e4ll\u00a0k\u00f6rdes jag hem av min partibroder och skatteutskottskollega\u00a0<a href=\"http:\/\/www.riksdagen.se\/sv\/ledamoter-partier\/Hitta-ledamot\/Ledamoter\/Beckman-Lars-0588282566419\/\">Lars Beckman<\/a>. Vi hade d\u00e5 sammantr\u00e4tt och \u00e4tit middag med ledam\u00f6ter och kanslipersonal fr\u00e5n det <a href=\"http:\/\/larsbeckman.blogspot.se\/2012\/09\/traff-med-danska-skatteutskottet.html\">danska skatteutskottet<\/a>. S\u00e5 givande och trevligt, \u00e4ven om danskarna har inf\u00f6rt fettskatt &#8230;<\/p>\n<p>Nu \u00e4r det mindre \u00e4n tolv timmar kvar tills jag b\u00e4nkar mig i kammaren f\u00f6r att lyssna p\u00e5 talmannens minnestal \u00f6ver riksdagens tre alltf\u00f6r tidigt bortg\u00e5ngna ledam\u00f6ter; min partiv\u00e4n\u00a0<a href=\"http:\/\/www.munkhammar.org\/blog\/index.aspx\">Johnny Munkhammar<\/a>, Socialdemokraternas<a href=\"http:\/\/www.aftonbladet.se\/nyheter\/article15263344.ab\"> Carina Moberg<\/a> och\u00a0<a href=\"http:\/\/www.aftonbladet.se\/nyheter\/article15344309.ab\">William Petz\u00e4ll <\/a>(-). Det blir tungt.<\/p>\n<p><strong>D\u00e4refter namnupprop<\/strong> i kammaren, f\u00f6ljt av gudstj\u00e4nst i Storkyrkan, upph\u00e4mtning av maken p\u00e5 Mynttorget, sedan marsch in i Riksdagshuset till Kungens \u00f6ppnande av\u00a0riksdags\u00e5ret 20012\/13 och s\u00e5 till sist statsminister Fredrik Reinfeldts regeringsf\u00f6rklaring!<\/p>\n<p>Nej, jag f\u00f6rv\u00e4ntar mig ingen omm\u00f6blering bland statsr\u00e5dstaburetterna, d\u00e4remot ett klarg\u00f6rande om r\u00e4ttss\u00e4kerheten i r\u00e4nteavdragsprocessen. Skatteverket eller domstol?<\/p>\n","protected":false},"excerpt":{"rendered":"<p>Hade m\u00f6te med min pol sek Fredrik f\u00f6r att g\u00e5 igenom vad jag egentligen ska s\u00e4ga i London p\u00e5 fredag med anledning av &#8230; jag \u00e5terkommer om vad. Riksdagsarbetet har rullat ig\u00e5ng. P\u00e5 eftermiddagen sammantr\u00e4de med den moderata riksdagsgruppen d\u00e4r statsministern redogjorde f\u00f6r l\u00e4get i politiken. Och tja, vad ska man s\u00e4ga mer \u00e4n att&hellip;<\/p>\n<p class=\"more-link-p\"><a class=\"more-link\" href=\"https:\/\/www.mariaabrahamsson.nu\/index.php\/2012\/09\/18\/matte-regeringsforklaringen-ge-besked-om-rattssakerheten\/\">Read more &rarr;<\/a><\/p>\n","protected":false},"author":2,"featured_media":0,"comment_status":"open","ping_status":"open","sticky":false,"template":"","format":"standard","meta":{"footnotes":""},"categories":[1],"tags":[],"class_list":["post-8138","post","type-post","status-publish","format-standard","hentry","category-uncategorized"],"_links":{"self":[{"href":"https:\/\/www.mariaabrahamsson.nu\/index.php\/wp-json\/wp\/v2\/posts\/8138","targetHints":{"allow":["GET"]}}],"collection":[{"href":"https:\/\/www.mariaabrahamsson.nu\/index.php\/wp-json\/wp\/v2\/posts"}],"about":[{"href":"https:\/\/www.mariaabrahamsson.nu\/index.php\/wp-json\/wp\/v2\/types\/post"}],"author":[{"embeddable":true,"href":"https:\/\/www.mariaabrahamsson.nu\/index.php\/wp-json\/wp\/v2\/users\/2"}],"replies":[{"embeddable":true,"href":"https:\/\/www.mariaabrahamsson.nu\/index.php\/wp-json\/wp\/v2\/comments?post=8138"}],"version-history":[{"count":0,"href":"https:\/\/www.mariaabrahamsson.nu\/index.php\/wp-json\/wp\/v2\/posts\/8138\/revisions"}],"wp:attachment":[{"href":"https:\/\/www.mariaabrahamsson.nu\/index.php\/wp-json\/wp\/v2\/media?parent=8138"}],"wp:term":[{"taxonomy":"category","embeddable":true,"href":"https:\/\/www.mariaabrahamsson.nu\/index.php\/wp-json\/wp\/v2\/categories?post=8138"},{"taxonomy":"post_tag","embeddable":true,"href":"https:\/\/www.mariaabrahamsson.nu\/index.php\/wp-json\/wp\/v2\/tags?post=8138"}],"curies":[{"name":"wp","href":"https:\/\/api.w.org\/{rel}","templated":true}]}}