{"id":786,"date":"2009-12-13T12:29:21","date_gmt":"2009-12-13T12:29:21","guid":{"rendered":"http:\/\/www.mariaabrahamsson.nu\/?p=786"},"modified":"2009-12-18T16:35:11","modified_gmt":"2009-12-18T16:35:11","slug":"den-danska-polisen-imponerar","status":"publish","type":"post","link":"https:\/\/www.mariaabrahamsson.nu\/index.php\/2009\/12\/13\/den-danska-polisen-imponerar\/","title":{"rendered":"Den danska polisen imponerar"},"content":{"rendered":"<p><strong>Polisen grep hela<\/strong> det svarta blocket, bakband deras armar med plastband, och satte dem ner i rader p\u00e5 gatan. Det \u00e4r <a href=\"http:\/\/www.dn.se\/nyheter\/klimatmotet\/tiotusentals-tagade-for-klimatet-1.1012875\">DN:s<\/a> reporter Ole Rothenborg\u00a0som rapporterar om g\u00e5rdagens klimatdemonstration i K\u00f6penhamn.<\/p>\n<p>Och t\u00e4nk, jag inte bara tror utan \u00e4r \u00f6vertygad om att den danska polisens lika best\u00e4mda som kloka arbetsmetod ocks\u00e5 \u00e4r huvudf\u00f6rklaringen till att g\u00e5rdagen massiva demonstrerande i stort sett avl\u00f6pte lugnt och fint.<\/p>\n<p><strong>\u00c4ven Stockholmspolisen<\/strong> b\u00f6r sk\u00e4nka h\u00e4ndelserna i K\u00f6penhamn en tacksamhetens tanke. G\u00e5rdagens traditionsenliga\u00a0<a href=\"http:\/\/www.nationell.nu\/2009\/12\/07\/vanstern-staller-in-salem-demonstration\">Salemdemonstration <\/a>till minne av mordet p\u00e5 en ung svensk nynazist blev n\u00e4mligen en ovanligt lugn tillst\u00e4llning. Ja, eftersom den organiserade motv\u00e4nstern valde att\u00a0solidaritetsdemonstrera med <a href=\"http:\/\/www.berlingske.dk\/billeder\/politiet-forbereder-sig-til-ny-demo-dag\">svartluvorna <\/a>i K\u00f6penhamn i st\u00e4llet.<\/p>\n<p>En <a href=\"http:\/\/sydsvenskan.se\/danmark\/article596851\/Protesten-blev-en-folkfest.html\">folkfest <\/a>menar vissa, sj\u00e4lv kan jag inte f\u00f6rm\u00e5 mig att klistra etiketten fest p\u00e5 aktioner d\u00e4r polis tr\u00e4ffas i ansiktet av flygande gatsten och m\u00e4nniskors\u00a0bilar trots polisens anstr\u00e4ngningar sticks i brand.<\/p>\n<p><strong>I morse<\/strong> <a href=\"http:\/\/www.dn.se\/nyheter\/klimatmotet\/flertalet-slappta-i-kopenhamn-1.1013105\">sl\u00e4ppte<\/a> dansk polis de n\u00e4rmare 1 000 aktivister som man grep i g\u00e5r i brottsf\u00f6rebyggande syfte. Kritiska r\u00f6ster h\u00f6rs redan mot polisen. Ja, fr\u00e5n <a href=\"http:\/\/www.sr.se\/ekot\/artikel.asp?artikel=3304263\">aktivisterna<\/a> vill s\u00e4ga.<\/p>\n<p>Sj\u00e4lv drar jag en annan slutsats, grundad p\u00e5\u00a0<a href=\"http:\/\/www.svd.se\/nyheter\/utrikes\/oroligheterna-fortsatter_2160521.svd\">erfarenheten<\/a> och <a href=\"http:\/\/svt.se\/svt\/jsp\/Crosslink.jsp?d=22584&amp;a=723399\">erfarenheten<\/a> och <a href=\"http:\/\/svt.se\/svt\/jsp\/Crosslink.jsp?d=22584&amp;a=481752\">erfarenheten<\/a> och <a href=\"http:\/\/hd.se\/webb-tv\/2009\/03\/07\/kravaller-vid-demonstrationen-i\/\">erfarenheten<\/a> och \u00e4nnu fler erfarenheter. Dit h\u00f6r \u00e4ven insikten &#8211; inte precis att den som g\u00f6r revolution ocks\u00e5 f\u00e5r vara beredd att d\u00f6 &#8211; men att den som muckar gr\u00e4l med ordningsmakten ibland f\u00e5r t\u00e5la att sitta, eller ligga, p\u00e5 den kalla bl\u00f6ta\u00a0<a href=\"http:\/\/www.svd.se\/opinion\/ledarsidan\/ibland-far-man-tala-att-ligga-pa-asfalt_73826.svd\">asfalten<\/a>.<\/p>\n<p><a href=\"http:\/\/www.svd.se\/opinion\/ledarsidan\/ibland-far-man-tala-att-ligga-pa-asfalt_73826.svd\"><\/a><\/p>\n","protected":false},"excerpt":{"rendered":"<p>Polisen grep hela det svarta blocket, bakband deras armar med plastband, och satte dem ner i rader p\u00e5 gatan. Det \u00e4r DN:s reporter Ole Rothenborg\u00a0som rapporterar om g\u00e5rdagens klimatdemonstration i K\u00f6penhamn. Och t\u00e4nk, jag inte bara tror utan \u00e4r \u00f6vertygad om att den danska polisens lika best\u00e4mda som kloka arbetsmetod ocks\u00e5 \u00e4r huvudf\u00f6rklaringen till att&hellip;<\/p>\n<p class=\"more-link-p\"><a class=\"more-link\" href=\"https:\/\/www.mariaabrahamsson.nu\/index.php\/2009\/12\/13\/den-danska-polisen-imponerar\/\">Read more &rarr;<\/a><\/p>\n","protected":false},"author":2,"featured_media":0,"comment_status":"closed","ping_status":"open","sticky":false,"template":"","format":"standard","meta":{"footnotes":""},"categories":[1],"tags":[],"class_list":["post-786","post","type-post","status-publish","format-standard","hentry","category-uncategorized"],"_links":{"self":[{"href":"https:\/\/www.mariaabrahamsson.nu\/index.php\/wp-json\/wp\/v2\/posts\/786","targetHints":{"allow":["GET"]}}],"collection":[{"href":"https:\/\/www.mariaabrahamsson.nu\/index.php\/wp-json\/wp\/v2\/posts"}],"about":[{"href":"https:\/\/www.mariaabrahamsson.nu\/index.php\/wp-json\/wp\/v2\/types\/post"}],"author":[{"embeddable":true,"href":"https:\/\/www.mariaabrahamsson.nu\/index.php\/wp-json\/wp\/v2\/users\/2"}],"replies":[{"embeddable":true,"href":"https:\/\/www.mariaabrahamsson.nu\/index.php\/wp-json\/wp\/v2\/comments?post=786"}],"version-history":[{"count":0,"href":"https:\/\/www.mariaabrahamsson.nu\/index.php\/wp-json\/wp\/v2\/posts\/786\/revisions"}],"wp:attachment":[{"href":"https:\/\/www.mariaabrahamsson.nu\/index.php\/wp-json\/wp\/v2\/media?parent=786"}],"wp:term":[{"taxonomy":"category","embeddable":true,"href":"https:\/\/www.mariaabrahamsson.nu\/index.php\/wp-json\/wp\/v2\/categories?post=786"},{"taxonomy":"post_tag","embeddable":true,"href":"https:\/\/www.mariaabrahamsson.nu\/index.php\/wp-json\/wp\/v2\/tags?post=786"}],"curies":[{"name":"wp","href":"https:\/\/api.w.org\/{rel}","templated":true}]}}