{"id":7825,"date":"2012-08-13T00:31:21","date_gmt":"2012-08-12T22:31:21","guid":{"rendered":"http:\/\/www.mariaabrahamsson.nu\/?p=7825"},"modified":"2012-08-13T00:40:46","modified_gmt":"2012-08-12T22:40:46","slug":"halla-hela-pressen-nu-pa-plats-i-canterbury","status":"publish","type":"post","link":"https:\/\/www.mariaabrahamsson.nu\/index.php\/2012\/08\/13\/halla-hela-pressen-nu-pa-plats-i-canterbury\/","title":{"rendered":"Hall\u00e5 hela pressen &#8211; nu p\u00e5 plats i Canterbury!"},"content":{"rendered":"<p><a href=\"http:\/\/www.mariaabrahamsson.nu\/wp-content\/uploads\/2012\/08\/Katedralen-i-Canterbury.1.jpeg\"><img loading=\"lazy\" decoding=\"async\" class=\"alignleft size-medium wp-image-7827\" title=\"Katedralen i Canterbury.\" src=\"http:\/\/www.mariaabrahamsson.nu\/wp-content\/uploads\/2012\/08\/Katedralen-i-Canterbury.1-223x300.jpg\" alt=\"\" width=\"223\" height=\"300\" srcset=\"https:\/\/www.mariaabrahamsson.nu\/wp-content\/uploads\/2012\/08\/Katedralen-i-Canterbury.1-223x300.jpg 223w, https:\/\/www.mariaabrahamsson.nu\/wp-content\/uploads\/2012\/08\/Katedralen-i-Canterbury.1.jpeg 618w\" sizes=\"auto, (max-width: 223px) 100vw, 223px\" \/><\/a><strong>Det \u00e4r mycket fint <\/strong>h\u00e4r i <a href=\"http:\/\/www.google.com\/search?q=canterbury+cathedral&amp;hl=sv&amp;client=safari&amp;rls=en&amp;prmd=imvns&amp;tbm=isch&amp;tbo=u&amp;source=univ&amp;sa=X&amp;ei=SCsoUPOVJ4f80QXfxYDICg&amp;ved=0CGcQsAQ&amp;biw=1280&amp;bih=578\">Canterbury <\/a>d\u00e4r vi (\u00e5tta) riksdagsledam\u00f6ter har checkat in oss i eftermiddag f\u00f6r att i fem dagar underkasta oss h\u00e5rddrillning i engelska spr\u00e5ket.<\/p>\n<p>Jag \u00e4r imponerad \u00f6ver min insats hittills. F\u00f6rutom att jag i morse p\u00e5 Arlanda lyckades checka in b\u00e5de resv\u00e4skan och mig sj\u00e4lv utan assistans har jag i kv\u00e4ll p\u00e5 hotellrummet lyckats koppla in mig p\u00e5 hotellets internetn\u00e4tverk plus inspekterat l\u00f6pbandet och &#8211; inte minst viktigt &#8211; skaffat mig kortkoden som kr\u00e4vs f\u00f6r att jag \u00f6ver huvud taget ska kunna ta mig in p\u00e5 hotellets gym. Inklusive fylla i en enk\u00e4t om mitt \u00a0allm\u00e4nna h\u00e4lsotillst\u00e5nd (p\u00e5 engelska) och eventuella allvarliga sjukdomar i sl\u00e4kten samt l\u00e4mnat namn och telefonnummer till min diabetesdoktor p\u00e5 S\u00f6S (!)\u00a0I Canterbury svettas man p\u00e5 l\u00f6pbandet p\u00e5 egen risk, s\u00e5 att s\u00e4ga. Vilket man i och f\u00f6r sig ocks\u00e5 g\u00f6r i Sverige men den detaljen besv\u00e4rade jag inte den nitiska hotellreceptionisten med.<\/p>\n<p><strong>Kv\u00e4llen som g\u00e5r<\/strong> mot sitt slut avrundades p\u00e5 en charmig fransk restaurang tillsammans med en f\u00f6r mig ny och sp\u00e4nnande S-kontakt, <a href=\"http:\/\/www.riksdagen.se\/sv\/ledamoter-partier\/Hitta-ledamot\/Ledamoter\/Gille-Agneta-0376867803913\/\">riksdagskvinnan Agneta Gille<\/a> fr\u00e5n Uppsala och de egna partibr\u00f6derna <a href=\"http:\/\/hanswallmark.blogspot.co.uk\/\">Hans Wallmark <\/a>och <a href=\"http:\/\/michaelsvensson.org\/\">Michael Svensson<\/a>.<\/p>\n<p>Nej, som ni vet skulle jag aldrig l\u00e4cka vad som s\u00e4gs vid s\u00e5dana h\u00e4r informella sammanhang, men s\u00e5 mycket v\u00e5gar jag \u00e4nd\u00e5 avsl\u00f6ja att vi talade en del om valet 2014.<\/p>\n<p><strong>Men nu \u00e4r det h\u00f6g<\/strong> tid att b\u00e4dda ner sig f\u00f6r att vakna utvilad till morgondagens pass. Och <a href=\"http:\/\/www.youtube.com\/watch?v=C4qGz00WJgk\">hall\u00e5 hela pressen<\/a> &#8211; undervisningen sker allts\u00e5 p\u00e5 skattebetalarnas bekostnad.<\/p>\n<p>&nbsp;<\/p>\n","protected":false},"excerpt":{"rendered":"<p>Det \u00e4r mycket fint h\u00e4r i Canterbury d\u00e4r vi (\u00e5tta) riksdagsledam\u00f6ter har checkat in oss i eftermiddag f\u00f6r att i fem dagar underkasta oss h\u00e5rddrillning i engelska spr\u00e5ket. Jag \u00e4r imponerad \u00f6ver min insats hittills. F\u00f6rutom att jag i morse p\u00e5 Arlanda lyckades checka in b\u00e5de resv\u00e4skan och mig sj\u00e4lv utan assistans har jag i&hellip;<\/p>\n<p class=\"more-link-p\"><a class=\"more-link\" href=\"https:\/\/www.mariaabrahamsson.nu\/index.php\/2012\/08\/13\/halla-hela-pressen-nu-pa-plats-i-canterbury\/\">Read more &rarr;<\/a><\/p>\n","protected":false},"author":2,"featured_media":0,"comment_status":"open","ping_status":"open","sticky":false,"template":"","format":"standard","meta":{"footnotes":""},"categories":[1],"tags":[],"class_list":["post-7825","post","type-post","status-publish","format-standard","hentry","category-uncategorized"],"_links":{"self":[{"href":"https:\/\/www.mariaabrahamsson.nu\/index.php\/wp-json\/wp\/v2\/posts\/7825","targetHints":{"allow":["GET"]}}],"collection":[{"href":"https:\/\/www.mariaabrahamsson.nu\/index.php\/wp-json\/wp\/v2\/posts"}],"about":[{"href":"https:\/\/www.mariaabrahamsson.nu\/index.php\/wp-json\/wp\/v2\/types\/post"}],"author":[{"embeddable":true,"href":"https:\/\/www.mariaabrahamsson.nu\/index.php\/wp-json\/wp\/v2\/users\/2"}],"replies":[{"embeddable":true,"href":"https:\/\/www.mariaabrahamsson.nu\/index.php\/wp-json\/wp\/v2\/comments?post=7825"}],"version-history":[{"count":0,"href":"https:\/\/www.mariaabrahamsson.nu\/index.php\/wp-json\/wp\/v2\/posts\/7825\/revisions"}],"wp:attachment":[{"href":"https:\/\/www.mariaabrahamsson.nu\/index.php\/wp-json\/wp\/v2\/media?parent=7825"}],"wp:term":[{"taxonomy":"category","embeddable":true,"href":"https:\/\/www.mariaabrahamsson.nu\/index.php\/wp-json\/wp\/v2\/categories?post=7825"},{"taxonomy":"post_tag","embeddable":true,"href":"https:\/\/www.mariaabrahamsson.nu\/index.php\/wp-json\/wp\/v2\/tags?post=7825"}],"curies":[{"name":"wp","href":"https:\/\/api.w.org\/{rel}","templated":true}]}}