{"id":7778,"date":"2012-08-07T23:20:40","date_gmt":"2012-08-07T21:20:40","guid":{"rendered":"http:\/\/www.mariaabrahamsson.nu\/?p=7778"},"modified":"2012-08-07T23:26:02","modified_gmt":"2012-08-07T21:26:02","slug":"okej-att-lugnet-far-sparken-men-hon-ska-inte-stallas-pa-bar-backe","status":"publish","type":"post","link":"https:\/\/www.mariaabrahamsson.nu\/index.php\/2012\/08\/07\/okej-att-lugnet-far-sparken-men-hon-ska-inte-stallas-pa-bar-backe\/","title":{"rendered":"Okej att Lugnet f\u00e5r sparken, men hon ska inte st\u00e4llas p\u00e5 bar backe"},"content":{"rendered":"<p><strong>N\u00e4ringsminister Annie L\u00f6\u00f6f <\/strong>har inte f\u00f6rtroende f\u00f6r Tillv\u00e4xtverkets generaldirekt\u00f6r Christina Lugnet. \u00c4nd\u00e5 f\u00e5r Lugnet beh\u00e5lla sin l\u00f6n p\u00e5 91 000 kronor i m\u00e5naden till och med 2015. Skandal? R\u00e4ttsr\u00f6ta? Ja, det \u00e4r ungef\u00e4r vad n\u00e4ringsministerns\u00a0partikompis Anders W Jonsson tycks mena n\u00e4r han s\u00e4ger till TT:<\/p>\n<p>&#8211; Det h\u00e4r \u00e4r inte rimligt n\u00e4r vi kr\u00e4ver av undersk\u00f6terskan som blir arbetsl\u00f6s att hon ska flytta till Malm\u00f6 och ta ett l\u00e5gavl\u00f6nat jobb. Samh\u00e4llets toppar m\u00e5ste ha motsvarande krav p\u00e5 sig. Det h\u00e4r \u00e4r h\u00f6gt meriterade m\u00e4nniskor som utan problem f\u00e5r ett nytt jobb. Vi kan inte ha den h\u00e4r typen av fr\u00e4lseregler.<\/p>\n<p><strong>I vanliga fall har jag inte mycket gemensamt <\/strong>med tidigare S-n\u00e4ringsministern Sten Heckscher. Men som alliansregeringens utredare kom han\u00a0i h\u00f6stas fram till att det nuvarande systemet \u00e4r det minst d\u00e5liga. Och onekligen har han en po\u00e4ng:<\/p>\n<p>&#8211; I botten ligger att det m\u00e5ste st\u00e5 regeringen fritt att kasta ut dem (generaldirekt\u00f6rerna, allts\u00e5), eftersom regeringen har ett politiskt ansvar f\u00f6r allt vad f\u00f6rvaltningarna har f\u00f6r sig. Och det betyder att de lever litet os\u00e4kert. D\u00e4rf\u00f6r m\u00e5ste de ha garantier f\u00f6r den tid som de \u00e4r utsedda, s\u00e4ger han till TT, och avrundar med att det \u00e4r en myt att avg\u00e5ngna generaldirekt\u00f6rer sitter och rullar tummarna i regeringskansliet.<\/p>\n<p><strong>Jag inst\u00e4mmer, regeringen \u00e4r <\/strong>i sin fulla r\u00e4tt att i f\u00f6rtid entlediga Christina Lugnet som chef f\u00f6r Tillv\u00e4xtverket. Men regeringsansvaret och god personalpolicy kr\u00e4ver att Lugnet inte pl\u00f6tsligt st\u00e4lls p\u00e5 bar backe.<\/p>\n<p>&nbsp;<\/p>\n","protected":false},"excerpt":{"rendered":"<p>N\u00e4ringsminister Annie L\u00f6\u00f6f har inte f\u00f6rtroende f\u00f6r Tillv\u00e4xtverkets generaldirekt\u00f6r Christina Lugnet. \u00c4nd\u00e5 f\u00e5r Lugnet beh\u00e5lla sin l\u00f6n p\u00e5 91 000 kronor i m\u00e5naden till och med 2015. Skandal? R\u00e4ttsr\u00f6ta? Ja, det \u00e4r ungef\u00e4r vad n\u00e4ringsministerns\u00a0partikompis Anders W Jonsson tycks mena n\u00e4r han s\u00e4ger till TT: &#8211; Det h\u00e4r \u00e4r inte rimligt n\u00e4r vi kr\u00e4ver av&hellip;<\/p>\n<p class=\"more-link-p\"><a class=\"more-link\" href=\"https:\/\/www.mariaabrahamsson.nu\/index.php\/2012\/08\/07\/okej-att-lugnet-far-sparken-men-hon-ska-inte-stallas-pa-bar-backe\/\">Read more &rarr;<\/a><\/p>\n","protected":false},"author":2,"featured_media":0,"comment_status":"open","ping_status":"open","sticky":false,"template":"","format":"standard","meta":{"footnotes":""},"categories":[1],"tags":[],"class_list":["post-7778","post","type-post","status-publish","format-standard","hentry","category-uncategorized"],"_links":{"self":[{"href":"https:\/\/www.mariaabrahamsson.nu\/index.php\/wp-json\/wp\/v2\/posts\/7778","targetHints":{"allow":["GET"]}}],"collection":[{"href":"https:\/\/www.mariaabrahamsson.nu\/index.php\/wp-json\/wp\/v2\/posts"}],"about":[{"href":"https:\/\/www.mariaabrahamsson.nu\/index.php\/wp-json\/wp\/v2\/types\/post"}],"author":[{"embeddable":true,"href":"https:\/\/www.mariaabrahamsson.nu\/index.php\/wp-json\/wp\/v2\/users\/2"}],"replies":[{"embeddable":true,"href":"https:\/\/www.mariaabrahamsson.nu\/index.php\/wp-json\/wp\/v2\/comments?post=7778"}],"version-history":[{"count":0,"href":"https:\/\/www.mariaabrahamsson.nu\/index.php\/wp-json\/wp\/v2\/posts\/7778\/revisions"}],"wp:attachment":[{"href":"https:\/\/www.mariaabrahamsson.nu\/index.php\/wp-json\/wp\/v2\/media?parent=7778"}],"wp:term":[{"taxonomy":"category","embeddable":true,"href":"https:\/\/www.mariaabrahamsson.nu\/index.php\/wp-json\/wp\/v2\/categories?post=7778"},{"taxonomy":"post_tag","embeddable":true,"href":"https:\/\/www.mariaabrahamsson.nu\/index.php\/wp-json\/wp\/v2\/tags?post=7778"}],"curies":[{"name":"wp","href":"https:\/\/api.w.org\/{rel}","templated":true}]}}