{"id":7725,"date":"2012-07-28T00:09:04","date_gmt":"2012-07-27T22:09:04","guid":{"rendered":"http:\/\/www.mariaabrahamsson.nu\/?p=7725"},"modified":"2020-10-30T21:22:52","modified_gmt":"2020-10-30T20:22:52","slug":"alla-skiljaktiga-utom-goran-lambertz","status":"publish","type":"post","link":"https:\/\/www.mariaabrahamsson.nu\/index.php\/2012\/07\/28\/alla-skiljaktiga-utom-goran-lambertz\/","title":{"rendered":"Alla skiljaktiga utom G\u00f6ran Lambertz?"},"content":{"rendered":"<p><strong>Ni missade v\u00e4l inte<\/strong> <a href=\"http:\/\/www.matsjohansson.net\/2012\/07\/lambertz-ofullbordade-tfygl.html\">det h\u00e4r<\/a>, undrade min partibroder och riksdagskollega <a href=\"http:\/\/www.riksdagen.se\/sv\/ledamoter-partier\/Hitta-ledamot\/Ledamoter\/Johansson-Mats-0444616389415\/\">Mats Johansson<\/a> h\u00e4romdagen och syftade p\u00e5 slutresultatet i Tryck- och yttrandefrihetsutredningen. Tidigare JK och numera justitier\u00e5det G\u00f6ran Lambertz har allts\u00e5 inte lyckats att \u00f6vertyga sin utrednings politiskt valda ledam\u00f6ter att nu i h\u00f6st enas om att Tryckfrihetsf\u00f6rordningen (TF) och Yttrandefrihetsgrundlagen (YGL) m\u00e5ste ers\u00e4ttas av en ny teknikoberoende yttrandefrihetsgrundlag.<\/p>\n<p>Under Almedalsveckan, som onekligen b\u00f6rjar k\u00e4nnas avl\u00e4gsen, deltog jag tillsammans med avg\u00e5ende radiochefen Mats Svegfors, Expressens chefredakt\u00f6r Thomas Mattsson och Yttrandefrihetskommitt\u00e9ns ordf\u00f6rande G\u00f6ran Lambertz i ett seminarium om <a href=\"http:\/\/www.tu.se\/almedalen\/3732-medierna-och-privilegierna\">\u201dMedierna och privilegierna\u201d<\/a>.<\/p>\n<p><strong>Som jag har kommenterat\u00a0<\/strong><a href=\"http:\/\/st.nu\/opinion\/kronikor\/1.4883143-en-vecka-i-almedalen?m=print\">h\u00e4r<\/a> blev Lambertz snabbt tillst\u00e4llningens hackkyckling d\u00e5 han envist drev kravet p\u00e5 en ny grundlagsreglering som skulle ers\u00e4tta den gamla bepr\u00f6vade Tryckfrihetsf\u00f6rordningen. Den nuvarande regleringen duger gott menade Svegfors och Mattsson, medan jag p\u00e5pekade att det inom \u00f6versk\u00e5dlig tid \u00e4r politiskt om\u00f6jligt att begr\u00e4nsa mediernas privilegier. Vilket inte \u00e4r enbart positivt eftersom det inneb\u00e4r att skyddet mot mediala kr\u00e4nkningar av den personliga integriteten \u00e4ven forts\u00e4ttningsvis kommer att vara svagt och inte leva upp till Europakonventionens krav om skydd f\u00f6r privatlivet.<\/p>\n<div>\n<div id=\"articleContainer\">\n<div id=\"articleContent\">\n<div>\n<p>Lambertz avsl\u00f6jade p\u00e5 plats i Almedalen att han blir ensam om sin f\u00f6r\u00e4ndringslinje i Yttrandefrihetskommitt\u00e9n. Han framst\u00e4llde det som att politikerna inte har f\u00f6rm\u00e5tt &#8221;lyssna&#8221; p\u00e5 hans \u00f6verl\u00e4gset goda argument. Nej, jag kunde inte l\u00e5ta bli att fr\u00e5ga om han menade att alla i kommitt\u00e9n var skiljaktiga utom ordf\u00f6rande Lambertz?<\/p>\n<\/div>\n<\/div>\n<\/div>\n<\/div>\n<div><\/div>\n","protected":false},"excerpt":{"rendered":"<p>Ni missade v\u00e4l inte det h\u00e4r, undrade min partibroder och riksdagskollega Mats Johansson h\u00e4romdagen och syftade p\u00e5 slutresultatet i Tryck- och yttrandefrihetsutredningen. Tidigare JK och numera justitier\u00e5det G\u00f6ran Lambertz har allts\u00e5 inte lyckats att \u00f6vertyga sin utrednings politiskt valda ledam\u00f6ter att nu i h\u00f6st enas om att Tryckfrihetsf\u00f6rordningen (TF) och Yttrandefrihetsgrundlagen (YGL) m\u00e5ste ers\u00e4ttas av&hellip;<\/p>\n<p class=\"more-link-p\"><a class=\"more-link\" href=\"https:\/\/www.mariaabrahamsson.nu\/index.php\/2012\/07\/28\/alla-skiljaktiga-utom-goran-lambertz\/\">Read more &rarr;<\/a><\/p>\n","protected":false},"author":2,"featured_media":0,"comment_status":"open","ping_status":"open","sticky":false,"template":"","format":"standard","meta":{"footnotes":""},"categories":[1],"tags":[242],"class_list":["post-7725","post","type-post","status-publish","format-standard","hentry","category-uncategorized","tag-lambertz"],"_links":{"self":[{"href":"https:\/\/www.mariaabrahamsson.nu\/index.php\/wp-json\/wp\/v2\/posts\/7725","targetHints":{"allow":["GET"]}}],"collection":[{"href":"https:\/\/www.mariaabrahamsson.nu\/index.php\/wp-json\/wp\/v2\/posts"}],"about":[{"href":"https:\/\/www.mariaabrahamsson.nu\/index.php\/wp-json\/wp\/v2\/types\/post"}],"author":[{"embeddable":true,"href":"https:\/\/www.mariaabrahamsson.nu\/index.php\/wp-json\/wp\/v2\/users\/2"}],"replies":[{"embeddable":true,"href":"https:\/\/www.mariaabrahamsson.nu\/index.php\/wp-json\/wp\/v2\/comments?post=7725"}],"version-history":[{"count":1,"href":"https:\/\/www.mariaabrahamsson.nu\/index.php\/wp-json\/wp\/v2\/posts\/7725\/revisions"}],"predecessor-version":[{"id":13518,"href":"https:\/\/www.mariaabrahamsson.nu\/index.php\/wp-json\/wp\/v2\/posts\/7725\/revisions\/13518"}],"wp:attachment":[{"href":"https:\/\/www.mariaabrahamsson.nu\/index.php\/wp-json\/wp\/v2\/media?parent=7725"}],"wp:term":[{"taxonomy":"category","embeddable":true,"href":"https:\/\/www.mariaabrahamsson.nu\/index.php\/wp-json\/wp\/v2\/categories?post=7725"},{"taxonomy":"post_tag","embeddable":true,"href":"https:\/\/www.mariaabrahamsson.nu\/index.php\/wp-json\/wp\/v2\/tags?post=7725"}],"curies":[{"name":"wp","href":"https:\/\/api.w.org\/{rel}","templated":true}]}}