{"id":771,"date":"2009-12-09T23:56:52","date_gmt":"2009-12-09T22:56:52","guid":{"rendered":"http:\/\/www.mariaabrahamsson.nu\/?p=771"},"modified":"2020-11-03T17:57:33","modified_gmt":"2020-11-03T16:57:33","slug":"sa-himla-glad","status":"publish","type":"post","link":"https:\/\/www.mariaabrahamsson.nu\/index.php\/2009\/12\/09\/sa-himla-glad\/","title":{"rendered":"S\u00e5 himla glad"},"content":{"rendered":"<p><strong>En l\u00e5ng och slitsam<\/strong> men \u00e4nd\u00e5 gl\u00e4djefylld h\u00f6st har i kv\u00e4ll resulterat i ett <a href=\"http:\/\/www.moderaterna.net\/provval\/?type=rd&amp;a=stad\">provvalsresultat<\/a>. Jag \u00e4r \u00a0j\u00e4tteglad och tacksam f\u00f6r visat st\u00f6d, \u00e4ven om jag inser att ett feministiskt parti som de nya moderaterna inte kan vara s\u00e5 lyh\u00f6rda f\u00f6r medlemmarnas vilja att man placerar 5 kvinnor bland de 6 fr\u00e4msta p\u00e5 riksdagslistan f\u00f6r Stockholms stad.<\/p>\n<p>Allts\u00e5 m\u00e5ste nomineringskommitt\u00e9n puffa upp n\u00e5gra l\u00e4gre placerade m\u00e4n h\u00f6gre upp mot toppen. Men det \u00e4r inget som bekymrar mig personligen, f\u00f6r in kommer jag tack vare det otroligt starka st\u00f6d jag har f\u00e5tt i provvalet. Tjoho!!!<\/p>\n","protected":false},"excerpt":{"rendered":"<p>En l\u00e5ng och slitsam men \u00e4nd\u00e5 gl\u00e4djefylld h\u00f6st har i kv\u00e4ll resulterat i ett provvalsresultat. Jag \u00e4r \u00a0j\u00e4tteglad och tacksam f\u00f6r visat st\u00f6d, \u00e4ven om jag inser att ett feministiskt parti som de nya moderaterna inte kan vara s\u00e5 lyh\u00f6rda f\u00f6r medlemmarnas vilja att man placerar 5 kvinnor bland de 6 fr\u00e4msta p\u00e5 riksdagslistan f\u00f6r&hellip;<\/p>\n<p class=\"more-link-p\"><a class=\"more-link\" href=\"https:\/\/www.mariaabrahamsson.nu\/index.php\/2009\/12\/09\/sa-himla-glad\/\">Read more &rarr;<\/a><\/p>\n","protected":false},"author":2,"featured_media":0,"comment_status":"closed","ping_status":"open","sticky":false,"template":"","format":"standard","meta":{"footnotes":""},"categories":[1],"tags":[264],"class_list":["post-771","post","type-post","status-publish","format-standard","hentry","category-uncategorized","tag-politikerlivet"],"_links":{"self":[{"href":"https:\/\/www.mariaabrahamsson.nu\/index.php\/wp-json\/wp\/v2\/posts\/771","targetHints":{"allow":["GET"]}}],"collection":[{"href":"https:\/\/www.mariaabrahamsson.nu\/index.php\/wp-json\/wp\/v2\/posts"}],"about":[{"href":"https:\/\/www.mariaabrahamsson.nu\/index.php\/wp-json\/wp\/v2\/types\/post"}],"author":[{"embeddable":true,"href":"https:\/\/www.mariaabrahamsson.nu\/index.php\/wp-json\/wp\/v2\/users\/2"}],"replies":[{"embeddable":true,"href":"https:\/\/www.mariaabrahamsson.nu\/index.php\/wp-json\/wp\/v2\/comments?post=771"}],"version-history":[{"count":1,"href":"https:\/\/www.mariaabrahamsson.nu\/index.php\/wp-json\/wp\/v2\/posts\/771\/revisions"}],"predecessor-version":[{"id":13679,"href":"https:\/\/www.mariaabrahamsson.nu\/index.php\/wp-json\/wp\/v2\/posts\/771\/revisions\/13679"}],"wp:attachment":[{"href":"https:\/\/www.mariaabrahamsson.nu\/index.php\/wp-json\/wp\/v2\/media?parent=771"}],"wp:term":[{"taxonomy":"category","embeddable":true,"href":"https:\/\/www.mariaabrahamsson.nu\/index.php\/wp-json\/wp\/v2\/categories?post=771"},{"taxonomy":"post_tag","embeddable":true,"href":"https:\/\/www.mariaabrahamsson.nu\/index.php\/wp-json\/wp\/v2\/tags?post=771"}],"curies":[{"name":"wp","href":"https:\/\/api.w.org\/{rel}","templated":true}]}}