{"id":7698,"date":"2012-07-24T12:49:11","date_gmt":"2012-07-24T10:49:11","guid":{"rendered":"http:\/\/www.mariaabrahamsson.nu\/?p=7698"},"modified":"2012-07-24T13:30:05","modified_gmt":"2012-07-24T11:30:05","slug":"spanningen-i-mangsmalet-galler-kritiken-mot-skl","status":"publish","type":"post","link":"https:\/\/www.mariaabrahamsson.nu\/index.php\/2012\/07\/24\/spanningen-i-mangsmalet-galler-kritiken-mot-skl\/","title":{"rendered":"Sp\u00e4nningen i Mangsm\u00e5let g\u00e4ller kritiken mot SKL"},"content":{"rendered":"<p><strong>Peter Mangs<\/strong> \u00e4r skyldig till tv\u00e5 mord och flera mordf\u00f6rs\u00f6k och ska nu genomg\u00e5 r\u00e4ttspsykiatrisk unders\u00f6kning. Det <a href=\"http:\/\/www.malmotingsratt.domstol.se\/Om-Sveriges-Domstolar\/Pressrum\/Nyheter-och-pressmeddelanden\/Peter-Mangs-ska-genomga-rattspsykiatrisk-undersokning\/\">meddelade <\/a>Malm\u00f6 tingsr\u00e4tt i f\u00f6rmiddags, ett besked s\u00e5 v\u00e4ntat att det inte borde \u00f6verraska n\u00e5gon.<\/p>\n<p>Dramatiken i m\u00e5let best\u00e5r snarare i att den d\u00e5 blott misst\u00e4nkte serieskyttens f\u00f6rsvarsadvokater i sin slutpl\u00e4dering underk\u00e4nde <a href=\"http:\/\/www.polisen.se\/Kontakta-oss\/SKL---Statens-kriminaltekniska-laboratorium\/\">Statens kriminaltekniska laboratoriums<\/a> analyser av\u00a0vapen, kulor och hylsor kopplade till morden och mordf\u00f6rs\u00f6ken. Man menade att SKL:s utl\u00e5tande inte var objektivt och kritiserade att myndighetens &#8221;forensiska bed\u00f6mning&#8221; inte heller var m\u00f6jlig att utv\u00e4rdera av extern expertis.<\/p>\n<p><strong>Det \u00e4r inte f\u00f6rsta g\u00e5ngen<\/strong> i svensk r\u00e4ttshistoria som myndigheternas f\u00f6rm\u00e5ga att leverera korrekta analysresultat ifr\u00e5gas\u00e4tts. Minns det uppm\u00e4rksammade fallet med den dr\u00e5p\u00e5talade men i fjol <a href=\"http:\/\/www.lakartidningen.se\/07engine.php?articleId=17586\">frik\u00e4nda narkosl\u00e4karen<\/a> vid Astrid Lindgrens barnsjukhus. D\u00e4r\u00a0underk\u00e4nde Solna tingsr\u00e4tt <a href=\"http:\/\/www.rmv.se\/?id=30\">R\u00e4ttsmedicinalverkets<\/a>\u00a0bed\u00f6mning av den d\u00f6da flickans blodprov. Analysen ans\u00e5gs inte vara s\u00e5 tillf\u00f6rlitlig att den kunde ligga till grund f\u00f6r en f\u00e4llande dom. Med f\u00f6ljden att narkosl\u00e4karen friades.<\/p>\n<p>I b\u00e5da fallen \u00e4r &#8221;ackreditering&#8221; ett nyckelord som SKL och RMV lutar sig tungt mot n\u00e4r kritiska r\u00f6ster h\u00f6js. Men en ackreditering s\u00e4ger sj\u00e4lvklart inget om <a href=\"http:\/\/www.lakartidningen.se\/blogs\/blog7.php\/2012\/02\/01\/vad-ska-man-egentligen-med-ackreditering-till\">kvaliteten i ett konkret analysf\u00f6rfarande<\/a>, utan \u00e4r bara en st\u00e4mpel p\u00e5 att myndigheten rent allm\u00e4nt har ansetts l\u00e4mpad att klara sina uppgifter.<\/p>\n<p><strong>I barnl\u00e4karm\u00e5let<\/strong> fick f\u00f6rsvaret r\u00e4tt i sin skarpa kritik av den r\u00e4ttsmedicinska analysen. D\u00e4rmed inte sagt att det ligger n\u00e5got i Peter Mangs frontalangrepp mot SKL.<\/p>\n<p>&nbsp;<\/p>\n","protected":false},"excerpt":{"rendered":"<p>Peter Mangs \u00e4r skyldig till tv\u00e5 mord och flera mordf\u00f6rs\u00f6k och ska nu genomg\u00e5 r\u00e4ttspsykiatrisk unders\u00f6kning. Det meddelade Malm\u00f6 tingsr\u00e4tt i f\u00f6rmiddags, ett besked s\u00e5 v\u00e4ntat att det inte borde \u00f6verraska n\u00e5gon. Dramatiken i m\u00e5let best\u00e5r snarare i att den d\u00e5 blott misst\u00e4nkte serieskyttens f\u00f6rsvarsadvokater i sin slutpl\u00e4dering underk\u00e4nde Statens kriminaltekniska laboratoriums analyser av\u00a0vapen, kulor&hellip;<\/p>\n<p class=\"more-link-p\"><a class=\"more-link\" href=\"https:\/\/www.mariaabrahamsson.nu\/index.php\/2012\/07\/24\/spanningen-i-mangsmalet-galler-kritiken-mot-skl\/\">Read more &rarr;<\/a><\/p>\n","protected":false},"author":2,"featured_media":0,"comment_status":"open","ping_status":"open","sticky":false,"template":"","format":"standard","meta":{"footnotes":""},"categories":[1],"tags":[],"class_list":["post-7698","post","type-post","status-publish","format-standard","hentry","category-uncategorized"],"_links":{"self":[{"href":"https:\/\/www.mariaabrahamsson.nu\/index.php\/wp-json\/wp\/v2\/posts\/7698","targetHints":{"allow":["GET"]}}],"collection":[{"href":"https:\/\/www.mariaabrahamsson.nu\/index.php\/wp-json\/wp\/v2\/posts"}],"about":[{"href":"https:\/\/www.mariaabrahamsson.nu\/index.php\/wp-json\/wp\/v2\/types\/post"}],"author":[{"embeddable":true,"href":"https:\/\/www.mariaabrahamsson.nu\/index.php\/wp-json\/wp\/v2\/users\/2"}],"replies":[{"embeddable":true,"href":"https:\/\/www.mariaabrahamsson.nu\/index.php\/wp-json\/wp\/v2\/comments?post=7698"}],"version-history":[{"count":0,"href":"https:\/\/www.mariaabrahamsson.nu\/index.php\/wp-json\/wp\/v2\/posts\/7698\/revisions"}],"wp:attachment":[{"href":"https:\/\/www.mariaabrahamsson.nu\/index.php\/wp-json\/wp\/v2\/media?parent=7698"}],"wp:term":[{"taxonomy":"category","embeddable":true,"href":"https:\/\/www.mariaabrahamsson.nu\/index.php\/wp-json\/wp\/v2\/categories?post=7698"},{"taxonomy":"post_tag","embeddable":true,"href":"https:\/\/www.mariaabrahamsson.nu\/index.php\/wp-json\/wp\/v2\/tags?post=7698"}],"curies":[{"name":"wp","href":"https:\/\/api.w.org\/{rel}","templated":true}]}}