{"id":7668,"date":"2012-07-14T21:11:28","date_gmt":"2012-07-14T19:11:28","guid":{"rendered":"http:\/\/www.mariaabrahamsson.nu\/?p=7668"},"modified":"2012-07-14T21:11:35","modified_gmt":"2012-07-14T19:11:35","slug":"nackrosorna-blommar-och-storbritannien-lamnar-inte-eu","status":"publish","type":"post","link":"https:\/\/www.mariaabrahamsson.nu\/index.php\/2012\/07\/14\/nackrosorna-blommar-och-storbritannien-lamnar-inte-eu\/","title":{"rendered":"N\u00e4ckrosorna blommar och Storbritannien l\u00e4mnar inte EU"},"content":{"rendered":"<p><strong><a href=\"http:\/\/www.mariaabrahamsson.nu\/wp-content\/uploads\/2012\/07\/Befinner-mig-i-naturen.1.jpg\"><img loading=\"lazy\" decoding=\"async\" class=\"alignleft size-medium wp-image-7671\" title=\"Befinner mig i naturen.\" src=\"http:\/\/www.mariaabrahamsson.nu\/wp-content\/uploads\/2012\/07\/Befinner-mig-i-naturen.1-300x168.jpg\" alt=\"\" width=\"300\" height=\"168\" srcset=\"https:\/\/www.mariaabrahamsson.nu\/wp-content\/uploads\/2012\/07\/Befinner-mig-i-naturen.1-300x168.jpg 300w, https:\/\/www.mariaabrahamsson.nu\/wp-content\/uploads\/2012\/07\/Befinner-mig-i-naturen.1-1024x576.jpg 1024w, https:\/\/www.mariaabrahamsson.nu\/wp-content\/uploads\/2012\/07\/Befinner-mig-i-naturen.1.jpg 1600w\" sizes=\"auto, (max-width: 300px) 100vw, 300px\" \/><\/a>P\u00e5 temat jag <\/strong>befinner mig i naturen kan jag rapportera fr\u00e5n\u00a0<a href=\"http:\/\/sv.wikipedia.org\/wiki\/Arbetslivsutveckling\">ALU<\/a>-bron i myrtr\u00e4sket att n\u00e4ckrosorna frodas. Fantastiskt!<\/p>\n<p>Men det hindrar mig inte fr\u00e5n att ha en synpunkt p\u00e5 storpolitiken. Storbritanniens europaminister David Lidington f\u00f6rs\u00e4krar p\u00e5 <a href=\"http:\/\/www.dn.se\/debatt\/eu-medlemskapet-ligger-i-storbritanniens-intresse\">DN Debatt <\/a>att hans land under inga f\u00f6rh\u00e5llanden kommer att l\u00e4mna EU, d\u00e4remot &#8221;st\u00f6dja n\u00f6dv\u00e4ndiga steg f\u00f6r att s\u00e4kra den inre marknadens integritet&#8221;.<\/p>\n<p>Jag \u00e4r inte s\u00e4ker p\u00e5 att jag i alla delar begriper vad karln menar, men hans deklaration f\u00f6rst\u00e4rker det jag tidigare har sagt om det n\u00e4rmast sj\u00e4lvklara att Storbritannien kommer att f\u00f6rbli en engagerad medlemsstat i EU och borde m\u00e5h\u00e4nda ge sk\u00e4l till sj\u00e4lvrannsakan hos <a href=\"http:\/\/www.mariaabrahamsson.nu\/index.php\/2012\/05\/27\/fel-kielos-storbritannien-lamnar-inte-eu\/\">dem<\/a> som har\u00a0s\u00e5tt tvivel om den saken.<\/p>\n<p><strong>Med detta sagt \u00f6verg\u00e5r<\/strong> jag till att fira Kronprinsessans 35-\u00e5rsdag med ljuvligt doftande Brudsporrar (nej vi har inte plockat de fridlysta orkid\u00e9erna utan tog bara hand om vad som mejats ner av en sl\u00e5ttermaskin i n\u00e4rheten)! De varmaste gratulationerna fr\u00e5n V\u00e4rmlandsskogen!<\/p>\n<p><strong><a href=\"http:\/\/www.mariaabrahamsson.nu\/wp-content\/uploads\/2012\/07\/Storstugan..jpeg\"><img loading=\"lazy\" decoding=\"async\" class=\"alignright size-medium wp-image-7672\" title=\"Storstugan.\" src=\"http:\/\/www.mariaabrahamsson.nu\/wp-content\/uploads\/2012\/07\/Storstugan.-223x300.jpg\" alt=\"\" width=\"223\" height=\"300\" srcset=\"https:\/\/www.mariaabrahamsson.nu\/wp-content\/uploads\/2012\/07\/Storstugan.-223x300.jpg 223w, https:\/\/www.mariaabrahamsson.nu\/wp-content\/uploads\/2012\/07\/Storstugan..jpeg 764w\" sizes=\"auto, (max-width: 223px) 100vw, 223px\" \/><\/a><\/strong><\/p>\n","protected":false},"excerpt":{"rendered":"<p>P\u00e5 temat jag befinner mig i naturen kan jag rapportera fr\u00e5n\u00a0ALU-bron i myrtr\u00e4sket att n\u00e4ckrosorna frodas. Fantastiskt! Men det hindrar mig inte fr\u00e5n att ha en synpunkt p\u00e5 storpolitiken. Storbritanniens europaminister David Lidington f\u00f6rs\u00e4krar p\u00e5 DN Debatt att hans land under inga f\u00f6rh\u00e5llanden kommer att l\u00e4mna EU, d\u00e4remot &#8221;st\u00f6dja n\u00f6dv\u00e4ndiga steg f\u00f6r att s\u00e4kra den&hellip;<\/p>\n<p class=\"more-link-p\"><a class=\"more-link\" href=\"https:\/\/www.mariaabrahamsson.nu\/index.php\/2012\/07\/14\/nackrosorna-blommar-och-storbritannien-lamnar-inte-eu\/\">Read more &rarr;<\/a><\/p>\n","protected":false},"author":2,"featured_media":0,"comment_status":"open","ping_status":"open","sticky":false,"template":"","format":"standard","meta":{"footnotes":""},"categories":[1],"tags":[],"class_list":["post-7668","post","type-post","status-publish","format-standard","hentry","category-uncategorized"],"_links":{"self":[{"href":"https:\/\/www.mariaabrahamsson.nu\/index.php\/wp-json\/wp\/v2\/posts\/7668","targetHints":{"allow":["GET"]}}],"collection":[{"href":"https:\/\/www.mariaabrahamsson.nu\/index.php\/wp-json\/wp\/v2\/posts"}],"about":[{"href":"https:\/\/www.mariaabrahamsson.nu\/index.php\/wp-json\/wp\/v2\/types\/post"}],"author":[{"embeddable":true,"href":"https:\/\/www.mariaabrahamsson.nu\/index.php\/wp-json\/wp\/v2\/users\/2"}],"replies":[{"embeddable":true,"href":"https:\/\/www.mariaabrahamsson.nu\/index.php\/wp-json\/wp\/v2\/comments?post=7668"}],"version-history":[{"count":0,"href":"https:\/\/www.mariaabrahamsson.nu\/index.php\/wp-json\/wp\/v2\/posts\/7668\/revisions"}],"wp:attachment":[{"href":"https:\/\/www.mariaabrahamsson.nu\/index.php\/wp-json\/wp\/v2\/media?parent=7668"}],"wp:term":[{"taxonomy":"category","embeddable":true,"href":"https:\/\/www.mariaabrahamsson.nu\/index.php\/wp-json\/wp\/v2\/categories?post=7668"},{"taxonomy":"post_tag","embeddable":true,"href":"https:\/\/www.mariaabrahamsson.nu\/index.php\/wp-json\/wp\/v2\/tags?post=7668"}],"curies":[{"name":"wp","href":"https:\/\/api.w.org\/{rel}","templated":true}]}}