{"id":7626,"date":"2012-07-09T17:02:43","date_gmt":"2012-07-09T15:02:43","guid":{"rendered":"http:\/\/www.mariaabrahamsson.nu\/?p=7626"},"modified":"2012-07-09T17:02:49","modified_gmt":"2012-07-09T15:02:49","slug":"underbar-mellandag-i-stockholm","status":"publish","type":"post","link":"https:\/\/www.mariaabrahamsson.nu\/index.php\/2012\/07\/09\/underbar-mellandag-i-stockholm\/","title":{"rendered":"Underbar mellandag i Stockholm"},"content":{"rendered":"<p><strong>I riksdagshuset vid lunchtid<\/strong> var det \u00f6dsligare \u00e4n \u00f6dsligt. I och med g\u00e5rdagens avslut p\u00e5 Almedalsveckan har jag och mina lagstiftarkompisar tagit v\u00e4lf\u00f6rtj\u00e4nt semester.<\/p>\n<p><a href=\"http:\/\/www.mariaabrahamsson.nu\/wp-content\/uploads\/2012\/07\/Vackra-rosor-ocks\u00e5-i-stan..jpeg\"><img loading=\"lazy\" decoding=\"async\" class=\"alignleft size-medium wp-image-7631\" title=\"Vackra rosor ocks\u00e5 i stan.\" src=\"http:\/\/www.mariaabrahamsson.nu\/wp-content\/uploads\/2012\/07\/Vackra-rosor-ocks\u00e5-i-stan.-224x300.jpg\" alt=\"\" width=\"224\" height=\"300\" srcset=\"https:\/\/www.mariaabrahamsson.nu\/wp-content\/uploads\/2012\/07\/Vackra-rosor-ocks\u00e5-i-stan.-224x300.jpg 224w, https:\/\/www.mariaabrahamsson.nu\/wp-content\/uploads\/2012\/07\/Vackra-rosor-ocks\u00e5-i-stan..jpeg 688w\" sizes=\"auto, (max-width: 224px) 100vw, 224px\" \/><\/a>Sj\u00e4lv har jag haft en alldeles underbar mellandag i Stockholm. Synen som m\u00f6ter mig utanf\u00f6r porten g\u00e5r inte av f\u00f6r hackor! Gotland m\u00e5 vara rosornas \u00f6, men S\u00f6dermalm ligger inte l\u00e5ngt efter, om ni fr\u00e5gar mig.<\/p>\n<p><strong>Efter att ha kontrollerat<\/strong> den digra posth\u00f6gen som riksdagsf\u00f6rvaltningens omt\u00e4nksamma st\u00e4dpersonal har burit in p\u00e5 tj\u00e4nsterummet, konstaterar jag att jag kan slappa loss \u00e4nda till <a href=\"http:\/\/www.stockholmpride.org\/\">Stockholm Pride<\/a>\u00a0som g\u00e5r av stapeln i slutet av juli. Men d\u00e5 har jag allts\u00e5 stolt tackat ja till att medverka i seminarium och m\u00f6ta v\u00e4ljare i t\u00e4ltet hos\u00a0<a href=\"http:\/\/www.oppnamoderater.se\/index.php\/visa-artikel\/items\/162.html\">\u00d6ppna Moderater<\/a>.<\/p>\n<p>Och i kv\u00e4ll v\u00e4ntar galapremi\u00e4r f\u00f6r filmen <a href=\"http:\/\/www.sfi.se\/sv\/svensk-filmdatabas\/Item\/?type=MOVIE&amp;itemid=69841\">Cockpit<\/a> med efterf\u00f6ljande sommarbuff\u00e9 och mingel. Nej, det sistn\u00e4mnda l\u00e5ter pl\u00e5gsamt efter en veckas ih\u00e4rdigt minglande i Almedalen. Men f\u00f6r sjutton, i kv\u00e4ll debuterar jag som sk\u00e5dis!<\/p>\n<p><strong>Eller om det<\/strong> nu \u00e4r statist.<\/p>\n<p>&nbsp;<\/p>\n<p>&nbsp;<\/p>\n","protected":false},"excerpt":{"rendered":"<p>I riksdagshuset vid lunchtid var det \u00f6dsligare \u00e4n \u00f6dsligt. I och med g\u00e5rdagens avslut p\u00e5 Almedalsveckan har jag och mina lagstiftarkompisar tagit v\u00e4lf\u00f6rtj\u00e4nt semester. Sj\u00e4lv har jag haft en alldeles underbar mellandag i Stockholm. Synen som m\u00f6ter mig utanf\u00f6r porten g\u00e5r inte av f\u00f6r hackor! Gotland m\u00e5 vara rosornas \u00f6, men S\u00f6dermalm ligger inte l\u00e5ngt&hellip;<\/p>\n<p class=\"more-link-p\"><a class=\"more-link\" href=\"https:\/\/www.mariaabrahamsson.nu\/index.php\/2012\/07\/09\/underbar-mellandag-i-stockholm\/\">Read more &rarr;<\/a><\/p>\n","protected":false},"author":2,"featured_media":0,"comment_status":"open","ping_status":"open","sticky":false,"template":"","format":"standard","meta":{"footnotes":""},"categories":[1],"tags":[],"class_list":["post-7626","post","type-post","status-publish","format-standard","hentry","category-uncategorized"],"_links":{"self":[{"href":"https:\/\/www.mariaabrahamsson.nu\/index.php\/wp-json\/wp\/v2\/posts\/7626","targetHints":{"allow":["GET"]}}],"collection":[{"href":"https:\/\/www.mariaabrahamsson.nu\/index.php\/wp-json\/wp\/v2\/posts"}],"about":[{"href":"https:\/\/www.mariaabrahamsson.nu\/index.php\/wp-json\/wp\/v2\/types\/post"}],"author":[{"embeddable":true,"href":"https:\/\/www.mariaabrahamsson.nu\/index.php\/wp-json\/wp\/v2\/users\/2"}],"replies":[{"embeddable":true,"href":"https:\/\/www.mariaabrahamsson.nu\/index.php\/wp-json\/wp\/v2\/comments?post=7626"}],"version-history":[{"count":0,"href":"https:\/\/www.mariaabrahamsson.nu\/index.php\/wp-json\/wp\/v2\/posts\/7626\/revisions"}],"wp:attachment":[{"href":"https:\/\/www.mariaabrahamsson.nu\/index.php\/wp-json\/wp\/v2\/media?parent=7626"}],"wp:term":[{"taxonomy":"category","embeddable":true,"href":"https:\/\/www.mariaabrahamsson.nu\/index.php\/wp-json\/wp\/v2\/categories?post=7626"},{"taxonomy":"post_tag","embeddable":true,"href":"https:\/\/www.mariaabrahamsson.nu\/index.php\/wp-json\/wp\/v2\/tags?post=7626"}],"curies":[{"name":"wp","href":"https:\/\/api.w.org\/{rel}","templated":true}]}}