{"id":745,"date":"2009-12-07T16:46:23","date_gmt":"2009-12-07T15:46:23","guid":{"rendered":"http:\/\/www.mariaabrahamsson.nu\/?p=745"},"modified":"2020-11-03T18:00:42","modified_gmt":"2020-11-03T17:00:42","slug":"vad-sager-lambertz-hos-pk-i-kvall","status":"publish","type":"post","link":"https:\/\/www.mariaabrahamsson.nu\/index.php\/2009\/12\/07\/vad-sager-lambertz-hos-pk-i-kvall\/","title":{"rendered":"Vad s\u00e4ger Lambertz hos PK i kv\u00e4ll?"},"content":{"rendered":"<p style=\"text-align: left;\"><strong>Under hela eftermiddagen <\/strong>har jag f\u00f6rberett mig inf\u00f6r kv\u00e4llens debatt p\u00e5 Publicistklubben (PK).<\/p>\n<p style=\"text-align: left;\">F\u00f6rutom att PK:s ordf\u00f6rande Ulrika Knutson ska dela ut\u00a0<a href=\"http:\/\/sv.wikipedia.org\/wiki\/Guldpennan\">Guldpennan<\/a> till n\u00e5gon lycklig journalistsj\u00e4l \u00e4r f\u00f6re detta justitiekansler G\u00f6ran Lamberz inbjuden att st\u00e5 till svars inf\u00f6r den f\u00f6rsamlade mediek\u00e5ren.<\/p>\n<p style=\"text-align: left;\">Den f\u00f6rsta fr\u00e5gan enligt <a href=\"http:\/\/www.publicistklubben.se\/2009\/12\/01\/debatt-stockholm-goran-lambertz-testamente\/#more-813\">inbjudan lyder:<\/a> Vad har JK G\u00f6ran Lambertz \u00a0gjort f\u00f6r tryck- och yttrandefriheten under sina \u00e5tta \u00e5r?\u00a0Den underliggande tonen g\u00e5r knappast att missa &#8211; den antyder att Lambertz borde ha gjort mer f\u00f6r det fria ordet under sina \u00e5r som JK.<\/p>\n<p style=\"text-align: left;\"><strong>Men det \u00e4r en <\/strong>vanlig missuppfattning \u00e4ven bland journalister att JK:s uppgift skulle vara att st\u00e4rka tryck- och yttrandefriheten. S\u00e5 \u00e4r det inte. JK:s uppgift \u00e4r inte att utvidga tryck-och yttrandefriheten utan att se till att de gr\u00e4nser som grundlagen drar upp ocks\u00e5 respekteras.<\/p>\n<p style=\"text-align: left;\">Om JK skulle str\u00e4va\u00a0efter att ge tryck- och yttrandefriheten st\u00f6rre utrymme (p\u00e5 bland annat integritetsskyddets bekostnad) \u00e4n vad TF och YGL g\u00f6r, ja, d\u00e5 har JK <a href=\"http:\/\/www.jk.se\/\">missuppfattat sitt uppdrag<\/a>.<\/p>\n<p style=\"text-align: left;\"><strong>Nu har Lambertz<\/strong> under en del av sin tid som JK haft dubbla roller. F\u00f6rutom uppgiften att &#8221;vaka \u00f6ver yttrandefrihetens gr\u00e4nser&#8221;som det h\u00f6gtidligt formuleras, har Lambertz samtidigt haft och har alltj\u00e4mt <a href=\"http:\/\/62.95.69.15\/\">regeringens uppdrag <\/a>att skriva en ny och enhetlig yttrandefrihetsgrundlag. Den \u00e4r t\u00e4nkt att omfatta b\u00e5de tryckta skrifter och andra yttrande, exempelvis p\u00e5 n\u00e4tet.<\/p>\n<p style=\"text-align: left;\">I juristk\u00e5ren r\u00e5der det delade meningar om det h\u00e4r \u00a0<a href=\"http:\/\/www.advokatsamfundet.se\/templates\/CommonPage_Advokaten.aspx?id=9256\">uppdraget \u00e4r d\u00f6mt att misslyckas eller inte.<\/a> I kv\u00e4ll hoppas jag f\u00e5r tillf\u00e4lle att avkr\u00e4va Lambertz besked om hur han ser p\u00e5 saken. Har han samma uppfattning som sin utredningssekreterare <a href=\"http:\/\/www.journalisten.se\/debatt\/14798\/jk-har-inga-bra-skael-foer-att-foeraendra-tf\">Nils Funke<\/a>? Eller som Funcke i vart fall hade tidigare.<\/p>\n<p style=\"text-align: left;\"><strong>Ett annat sp\u00f6rsm\u00e5l som PK <\/strong>vill avhandla med JK i kv\u00e4ll \u00e4r om v\u00e4rldens \u00e4ldsta tryckfrihetslag, det vill s\u00e4ga den svenska, m\u00e5ste rivas upp, och hur f\u00f6rsvaras det fria ordet i en tid med ny teknik?<\/p>\n<p style=\"text-align: left;\">Min fundering \u00e4r snarare om det fria ordet i n\u00e4tmedierna \u00f6ver huvud taget beh\u00f6ver f\u00f6rsvaras genom ny lagstiftning. Ser man till alla grova kr\u00e4nkningar som \u00e4ger rum p\u00e5 n\u00e4tet och till de l\u00f6jligt sm\u00e5 m\u00f6jligheter som de kr\u00e4nkta har att \u00a0f\u00e5 n\u00e5gon form av uppr\u00e4ttelse (det \u00e4r j\u00e4ttekomplicerat och \u00f6verm\u00e4ktigt f\u00f6r en enskild att vidta r\u00e4ttsliga \u00e5tg\u00e4rder, dessutom \u00e4r m\u00f6jligheterna ytterst sm\u00e5 att vinna framg\u00e5ng) s\u00e5 kan det viktigaste knappast vara att ge \u00e4nnu st\u00f6rre frihet f\u00f6r publicering p\u00e5 n\u00e4tet.<\/p>\n<p style=\"text-align: left;\"><strong>Tv\u00e4rtom borde<\/strong> det v\u00e4l vara angel\u00e4gnare att st\u00e4rka integritetsskyddet f\u00f6r de som h\u00e4ngs ut och h\u00e5nas p\u00e5 n\u00e4tet utan att i praktiken ha en minsta chans att f\u00e5 uppr\u00e4ttelse? Jag ska f\u00f6rs\u00f6ka f\u00e5 Lambertz att utveckla hur han ser p\u00e5 detta med kr\u00e4nkningar p\u00e5 n\u00e4tet. S\u00e4rskilt mot bakgrund av att han som JK m\u00e5nade starkt f\u00f6r integriteten hos m\u00e4nniskor om r\u00e5kat bli fotograferade av \u00f6vervakningskameror.<\/p>\n<p style=\"text-align: left;\">Antag att Lambertz kommer fram till att hans nya yttrandefrihetsgrundlag beh\u00f6ver ge ett b\u00e4ttre skydd mot integriteteskr\u00e4nkningar och d\u00e4rmed minska yttrandefriheten p\u00e5 n\u00e4tet. J\u00f6sses, d\u00e5 l\u00e4r det bli ett himla hall\u00e5. Minns vilket st\u00e5hej det blev fr\u00e5n journalisth\u00e5ll n\u00e4r Lambertz h\u00e4rom\u00e5ret ville inf\u00f6ra <a href=\"http:\/\/www.journalisten.se\/artikel\/10938\/jk-vill-lagstifta-om-skydd-av-privatlivet\">en skadest\u00e5ndsskyldighet f\u00f6r tidningar och n\u00e4tanv\u00e4ndare<\/a> som kr\u00e4nker andra personers integritet. D\u00e5 gick 164 svenska tidningar ut i en samordnad aktion och publicerade blanka sidor i protest mot JK:s f\u00f6rslag.<\/p>\n<p style=\"text-align: left;\"><strong>Som sagt, vi som tr\u00e4ffas<\/strong> hos Publicistklubben i kv\u00e4ll l\u00e4r inte lida brist p\u00e5 \u00e4mnen att diskutera med Lambertz.<\/p>\n<p style=\"text-align: left;\">\n","protected":false},"excerpt":{"rendered":"<p>Under hela eftermiddagen har jag f\u00f6rberett mig inf\u00f6r kv\u00e4llens debatt p\u00e5 Publicistklubben (PK). F\u00f6rutom att PK:s ordf\u00f6rande Ulrika Knutson ska dela ut\u00a0Guldpennan till n\u00e5gon lycklig journalistsj\u00e4l \u00e4r f\u00f6re detta justitiekansler G\u00f6ran Lamberz inbjuden att st\u00e5 till svars inf\u00f6r den f\u00f6rsamlade mediek\u00e5ren. Den f\u00f6rsta fr\u00e5gan enligt inbjudan lyder: Vad har JK G\u00f6ran Lambertz \u00a0gjort f\u00f6r tryck-&hellip;<\/p>\n<p class=\"more-link-p\"><a class=\"more-link\" href=\"https:\/\/www.mariaabrahamsson.nu\/index.php\/2009\/12\/07\/vad-sager-lambertz-hos-pk-i-kvall\/\">Read more &rarr;<\/a><\/p>\n","protected":false},"author":2,"featured_media":0,"comment_status":"closed","ping_status":"open","sticky":false,"template":"","format":"standard","meta":{"footnotes":""},"categories":[1],"tags":[242,262],"class_list":["post-745","post","type-post","status-publish","format-standard","hentry","category-uncategorized","tag-lambertz","tag-tryckfriheten"],"_links":{"self":[{"href":"https:\/\/www.mariaabrahamsson.nu\/index.php\/wp-json\/wp\/v2\/posts\/745","targetHints":{"allow":["GET"]}}],"collection":[{"href":"https:\/\/www.mariaabrahamsson.nu\/index.php\/wp-json\/wp\/v2\/posts"}],"about":[{"href":"https:\/\/www.mariaabrahamsson.nu\/index.php\/wp-json\/wp\/v2\/types\/post"}],"author":[{"embeddable":true,"href":"https:\/\/www.mariaabrahamsson.nu\/index.php\/wp-json\/wp\/v2\/users\/2"}],"replies":[{"embeddable":true,"href":"https:\/\/www.mariaabrahamsson.nu\/index.php\/wp-json\/wp\/v2\/comments?post=745"}],"version-history":[{"count":1,"href":"https:\/\/www.mariaabrahamsson.nu\/index.php\/wp-json\/wp\/v2\/posts\/745\/revisions"}],"predecessor-version":[{"id":13681,"href":"https:\/\/www.mariaabrahamsson.nu\/index.php\/wp-json\/wp\/v2\/posts\/745\/revisions\/13681"}],"wp:attachment":[{"href":"https:\/\/www.mariaabrahamsson.nu\/index.php\/wp-json\/wp\/v2\/media?parent=745"}],"wp:term":[{"taxonomy":"category","embeddable":true,"href":"https:\/\/www.mariaabrahamsson.nu\/index.php\/wp-json\/wp\/v2\/categories?post=745"},{"taxonomy":"post_tag","embeddable":true,"href":"https:\/\/www.mariaabrahamsson.nu\/index.php\/wp-json\/wp\/v2\/tags?post=745"}],"curies":[{"name":"wp","href":"https:\/\/api.w.org\/{rel}","templated":true}]}}