{"id":7368,"date":"2012-05-17T21:00:12","date_gmt":"2012-05-17T19:00:12","guid":{"rendered":"http:\/\/www.mariaabrahamsson.nu\/?p=7368"},"modified":"2012-05-17T21:03:05","modified_gmt":"2012-05-17T19:03:05","slug":"etnisk-tillhorighet-centralt-i-nya-diskrimineringslagen","status":"publish","type":"post","link":"https:\/\/www.mariaabrahamsson.nu\/index.php\/2012\/05\/17\/etnisk-tillhorighet-centralt-i-nya-diskrimineringslagen\/","title":{"rendered":"Etnisk tillh\u00f6righet centralt i nya diskrimineringslagen"},"content":{"rendered":"<p><a href=\"http:\/\/www.mariaabrahamsson.nu\/wp-content\/uploads\/2012\/05\/Blomsterprakt-Vasagatan..jpeg\"><img loading=\"lazy\" decoding=\"async\" class=\"alignleft size-medium wp-image-7372\" title=\"Blomsterprakt Vasagatan.\" src=\"http:\/\/www.mariaabrahamsson.nu\/wp-content\/uploads\/2012\/05\/Blomsterprakt-Vasagatan.-223x300.jpg\" alt=\"\" width=\"223\" height=\"300\" srcset=\"https:\/\/www.mariaabrahamsson.nu\/wp-content\/uploads\/2012\/05\/Blomsterprakt-Vasagatan.-223x300.jpg 223w, https:\/\/www.mariaabrahamsson.nu\/wp-content\/uploads\/2012\/05\/Blomsterprakt-Vasagatan..jpeg 618w\" sizes=\"auto, (max-width: 223px) 100vw, 223px\" \/><\/a><\/p>\n<p><strong>Blomsterprakten var bed\u00f6vande<\/strong> utanf\u00f6r Centralstation p\u00e5 Vasagatan n\u00e4r taxin i morse sl\u00e4ppte av maken och mig f\u00f6r vidare f\u00e4rd 08.25 mot Arvika.<\/p>\n<p>Riksdagens plenifria vecka kickstartade annars f\u00f6r min del i m\u00e5ndags med bes\u00f6k\u00a0i verkligheten hos\u00a0<a href=\"http:\/\/www.caremacare.se\/huvudnavigation\/varatjanster\/aldreomsorg\/boende\/enheter\/magdalenagarden.4.52e3e21312a0da37e3a800023889.html\">Magdalenag\u00e5rdens \u00e4ldreboende<\/a>. Jo, boendet drivs\u00a0i Carema Cares regi och jag har s\u00e5 klart tagit del av\u00a0<a href=\"http:\/\/www.dagenssamhalle.se\/debatt\/carema-skandalen-braer-en-medieanka-2572\">rapporteringen<\/a>. Men\u00a0nej, ingen i personalen p\u00e5 Magdalenag\u00e5rden k\u00e4nde igen bilden att Carema-anst\u00e4llda skulle missk\u00f6ta gamlingar.\u00a0Tv\u00e4rtom, kan jag intyga, var det v\u00e4ldigt mycket kramande och gosande mellan anst\u00e4llda och boende. I korridoren sprang jag ihop med en dement kvinna som &#8211; h\u00f6r och h\u00e4pna &#8211; k\u00e4nde igen mig och undrade om jag fortfarande \u00e4r gift med Stig Malm?! Vi hade ett r\u00e4tt h\u00e4rligt samtal, kan jag avsl\u00f6ja.<\/p>\n<p>Senare samma dag satte jag mig p\u00e5 t\u00e5get mot Norrk\u00f6ping f\u00f6r bes\u00f6k hos moderatkompisarna som bjudit in till temakv\u00e4ll. Trots klatschig annons om finbes\u00f6k av undertecknad d\u00f6k bara tiotalet intresserade\u00a0upp, inklusive arrang\u00f6ren. Det \u00e4r klart att man b\u00f6rja fundera \u00f6ver sin egen dragningskraft &#8230;<\/p>\n<p><strong>Hur som helst,<\/strong> f\u00f6r mig blev det ett mycket givande m\u00f6te med Norrk\u00f6pingskompisarna. Vi pratade om Fredrik Reinfeldt, riksdagsgruppen och Anders Borg. Som jag uppfattade \u00e4r man r\u00e4tt n\u00f6jd med ledargarnityret. Sedan kom vi in p\u00e5 <a href=\"http:\/\/www.nt.se\/norrkoping\/artikel.aspx?articleid=7488992\">regionfr\u00e5gan<\/a>. Den fr\u00e5gan \u00e4r verkligen inte min te-kopp. Bortsett fr\u00e5n att jag inte har &#8211; Gud f\u00f6rl\u00e5te &#8211; engagerat mig ett smack i hur m\u00e5nga regioner Sverige b\u00f6r ha, kan jag som riksdagsledamot f\u00f6r Stockholms stad inte g\u00f6ra s\u00e5 mycket \u00e5t saken i Norrk\u00f6pingsregionen. Men jag noterade att XX sa att man, det vill s\u00e4ga M i Norrk\u00f6ping, g\u00e4rna hade velat kunna ha mitt namn p\u00e5 valsedeln till riksdagen i valet 2014. S\u00e5 kanske borde jag \u00e4nd\u00e5 b\u00f6rja engagera mig f\u00f6r en stockholmsk mammutregion?<\/p>\n<p><strong>Men detta var <\/strong>allts\u00e5 i m\u00e5ndags. Tisdagen \u00e4gnade jag \u00e5t instudering inf\u00f6r onsdagens heldagssammantr\u00e4de i Domarn\u00e4mnden. \u00a0N\u00e4mndens bestyr och vederm\u00f6dor \u00e5terges v\u00e4l\u00a0<a href=\"http:\/\/www.advokatsamfundet.se\/Advokaten\/Tidningsnummer\/2012\/Nr-4-2012-Argang-78\/Morgondagens-domare-tar-plats\/\">h\u00e4r<\/a>\u00a0i det rykande f\u00e4rska numret av tidskriften Advokaten.<\/p>\n<p>I onsdags morse begav jag mig s\u00e5 till SVT-studion f\u00f6r att kommentera min partiledares och tillika landets <a href=\"http:\/\/www.svd.se\/nyheter\/inrikes\/reinfeldt-kritiseras-for-uttalande_7201642.svd\">statsministers uttalande <\/a>om att det inte r\u00e5der &#8221;massarbetsl\u00f6shet&#8221; bland etniska svenskar mitt i livet men att arbetsl\u00f6sheten d\u00e4remot \u00e4r f\u00f6r h\u00f6g bland ungdomar och utrikes f\u00f6dda. Vilket \u00e4r precis vad som framg\u00e5r av <a href=\"http:\/\/www.finanspolitiskaradet.se\/download\/18.6f0598d1373db0746a101\/Svensk+finanspolitik+2012.pdf\">Finanspolitiska r\u00e5dets rapport <\/a>(s\u00e4rskilt p\u00e5 sidan 123). Allts\u00e5 borde Reinfeldts konstaterande vara helt okontroversiellt.<\/p>\n<p><strong>Men icke. Indignationen<\/strong> har i veckan inte k\u00e4nt n\u00e5gra gr\u00e4nser \u00f6ver att statsministern hade tagit orden &#8221;etniska svenskar&#8221; i sin mun. D\u00e4rigenom anses han ha spelat Sverigedemokraterna i h\u00e4nderna! Jag \u00e4r glad att jag i SVT-studion fick tillf\u00e4lle att bem\u00f6ta denna fullst\u00e4ndigt f\u00f6rryckta anklagelse.<\/p>\n<p>M\u00e5nga\u00a0har h\u00f6rt av sig med uppmuntrande tillrop efter <a href=\"http:\/\/svtplay.se\/v\/2803058\/gomorron_sverige\/det_politiska_sprakbruket_ifragasatts?sb,k119636,1,f,-1\">min insats<\/a>! S\u00e5dant v\u00e4rmer. I bloggosf\u00e4ren har flitiga r\u00e4ttskaffens m\u00e4nniskor <a href=\"http:\/\/www.newsmill.se\/artikel\/2012\/05\/16\/reinfeldt-i-gott-s-llskap-n-r-han-pratar-om-etnicitet\">lyft fram <\/a>en m\u00e4ngd exempel p\u00e5 hur f\u00f6retr\u00e4dare f\u00f6r S, V och MP gladeligen har anv\u00e4nt precis samma uttryck utan att det har ansetts vara n\u00e5got konstigt alls. Letandet efter s\u00e5na exempel \u00e4r v\u00e4llovligt men egentligen on\u00f6digt. F\u00f6r begreppet &#8221;etnisk tillh\u00f6righet&#8221; \u00e4r faktiskt ett grundbegrepp i v\u00e5r ganska f\u00e4rska diskrimineringslag. S\u00e5 h\u00e4r lyder f\u00f6rsta paragrafen:<\/p>\n<p>1 \u00a7 Denna lag har till \u00e4ndam\u00e5l att motverka diskriminering och<br \/>\np\u00e5 andra s\u00e4tt fr\u00e4mja lika r\u00e4ttigheter och m\u00f6jligheter oavsett<br \/>\nk\u00f6n, k\u00f6ns\u00f6verskridande identitet eller uttryck,\u00a0<strong>etnisk<br \/>\ntillh\u00f6righet,<\/strong>\u00a0religion eller annan trosuppfattning,<br \/>\nfunktionshinder, sexuell l\u00e4ggning eller \u00e5lder.<\/p>\n<p><a href=\"http:\/\/www.mariaabrahamsson.nu\/wp-content\/uploads\/2012\/05\/Nu-ocks\u00e5-tr\u00e4dkramare2.jpeg\"><img loading=\"lazy\" decoding=\"async\" class=\"alignright size-medium wp-image-7375\" title=\"Nu ocks\u00e5 tr\u00e4dkramare!\" src=\"http:\/\/www.mariaabrahamsson.nu\/wp-content\/uploads\/2012\/05\/Nu-ocks\u00e5-tr\u00e4dkramare2-223x300.jpg\" alt=\"\" width=\"223\" height=\"300\" srcset=\"https:\/\/www.mariaabrahamsson.nu\/wp-content\/uploads\/2012\/05\/Nu-ocks\u00e5-tr\u00e4dkramare2-223x300.jpg 223w, https:\/\/www.mariaabrahamsson.nu\/wp-content\/uploads\/2012\/05\/Nu-ocks\u00e5-tr\u00e4dkramare2.jpeg 618w\" sizes=\"auto, (max-width: 223px) 100vw, 223px\" \/><\/a><\/p>\n<p><strong>Men nu \u00e4r det helg<\/strong> i h\u00e4rligt m\u00e5nga dagar och gissa om jag ska njuta av stillheten h\u00e4r p\u00e5 v\u00e5rt st\u00e4lle i V\u00e4rmland! Kanske inte fr\u00e4mst genom att krama tr\u00e4d. Gud bevare mig, men visst \u00e4r bilden snygg?<\/p>\n<p>Nej, jag siktar mer in mig p\u00e5 att plocka giftiga murklor, stoppa ner fr\u00f6n i blomsterl\u00e5dor och djupstudera <a href=\"http:\/\/www.dagenssamhalle.se\/nyhet\/pensionaerer-aeger-carema-2660\">sanningshalten<\/a> i nyhetsrapportering om Carema.<\/p>\n<p><strong>D\u00e4r knyter jag ihop s\u00e4cken<\/strong>. P\u00e5 betryggande avst\u00e5nd fr\u00e5n tulpanprakten i larmet p\u00e5 Vasagatan.<\/p>\n","protected":false},"excerpt":{"rendered":"<p>Blomsterprakten var bed\u00f6vande utanf\u00f6r Centralstation p\u00e5 Vasagatan n\u00e4r taxin i morse sl\u00e4ppte av maken och mig f\u00f6r vidare f\u00e4rd 08.25 mot Arvika. Riksdagens plenifria vecka kickstartade annars f\u00f6r min del i m\u00e5ndags med bes\u00f6k\u00a0i verkligheten hos\u00a0Magdalenag\u00e5rdens \u00e4ldreboende. Jo, boendet drivs\u00a0i Carema Cares regi och jag har s\u00e5 klart tagit del av\u00a0rapporteringen. Men\u00a0nej, ingen i personalen&hellip;<\/p>\n<p class=\"more-link-p\"><a class=\"more-link\" href=\"https:\/\/www.mariaabrahamsson.nu\/index.php\/2012\/05\/17\/etnisk-tillhorighet-centralt-i-nya-diskrimineringslagen\/\">Read more &rarr;<\/a><\/p>\n","protected":false},"author":2,"featured_media":0,"comment_status":"open","ping_status":"open","sticky":false,"template":"","format":"standard","meta":{"footnotes":""},"categories":[1],"tags":[],"class_list":["post-7368","post","type-post","status-publish","format-standard","hentry","category-uncategorized"],"_links":{"self":[{"href":"https:\/\/www.mariaabrahamsson.nu\/index.php\/wp-json\/wp\/v2\/posts\/7368","targetHints":{"allow":["GET"]}}],"collection":[{"href":"https:\/\/www.mariaabrahamsson.nu\/index.php\/wp-json\/wp\/v2\/posts"}],"about":[{"href":"https:\/\/www.mariaabrahamsson.nu\/index.php\/wp-json\/wp\/v2\/types\/post"}],"author":[{"embeddable":true,"href":"https:\/\/www.mariaabrahamsson.nu\/index.php\/wp-json\/wp\/v2\/users\/2"}],"replies":[{"embeddable":true,"href":"https:\/\/www.mariaabrahamsson.nu\/index.php\/wp-json\/wp\/v2\/comments?post=7368"}],"version-history":[{"count":0,"href":"https:\/\/www.mariaabrahamsson.nu\/index.php\/wp-json\/wp\/v2\/posts\/7368\/revisions"}],"wp:attachment":[{"href":"https:\/\/www.mariaabrahamsson.nu\/index.php\/wp-json\/wp\/v2\/media?parent=7368"}],"wp:term":[{"taxonomy":"category","embeddable":true,"href":"https:\/\/www.mariaabrahamsson.nu\/index.php\/wp-json\/wp\/v2\/categories?post=7368"},{"taxonomy":"post_tag","embeddable":true,"href":"https:\/\/www.mariaabrahamsson.nu\/index.php\/wp-json\/wp\/v2\/tags?post=7368"}],"curies":[{"name":"wp","href":"https:\/\/api.w.org\/{rel}","templated":true}]}}