{"id":7365,"date":"2012-05-15T21:58:44","date_gmt":"2012-05-15T19:58:44","guid":{"rendered":"http:\/\/www.mariaabrahamsson.nu\/?p=7365"},"modified":"2012-05-15T22:00:43","modified_gmt":"2012-05-15T20:00:43","slug":"antligen-tv-debut-som-ledamot-av-skatteutskottet","status":"publish","type":"post","link":"https:\/\/www.mariaabrahamsson.nu\/index.php\/2012\/05\/15\/antligen-tv-debut-som-ledamot-av-skatteutskottet\/","title":{"rendered":"\u00c4ntligen TV-debut som ledamot av Skatteutskottet"},"content":{"rendered":"<p><strong>F\u00f6r min del gick <\/strong><a href=\"http:\/\/www.mynewsdesk.com\/se\/pressroom\/westander\/pressrelease\/view\/ny-sifoundersoekning-stoerst-foertroende-foer-reinfeldt-762414\">denna opinionsunders\u00f6kning<\/a>\u00a0t\u00e4mligen sp\u00e5rl\u00f6st f\u00f6rbi. Men visst f\u00f6rtj\u00e4nar den att uppm\u00e4rksammas, hela 49 procent av svenskarna &#8211; etniskt svenska eller inte &#8211; hyser st\u00f6rsta f\u00f6rtroende f\u00f6r Fredrik Reinfeldt som statsminister. Inte f\u00f6r att jag tvivlade p\u00e5 den saken men 32 procent k\u00e4nner st\u00f6rst f\u00f6rtroende f\u00f6r S-ledaren Stefan L\u00f6fven. Och det \u00e4r inte illa pinkat av en sprucken tr\u00e4h\u00e4st, som man sa i byh\u00e5lan d\u00e4r jag v\u00e4xte upp.<\/p>\n<p>Sj\u00e4lv \u00e4r jag denna kv\u00e4ll mest l\u00f6jligt n\u00f6jd med att jag f\u00f6r f\u00f6rsta g\u00e5ngen har f\u00e5tt uttala mig som ledamot av Skatteutskottet framf\u00f6r en tevekamera.\u00a0Vad saken g\u00e4llde? Kritiken mot alliansreformen fr\u00e5n \u00e5rsskiftet som inneb\u00e4r att inte f\u00f6retag men enskilda individer har avdragsr\u00e4tt\u00a0f\u00f6r g\u00e5vor till ideella organisationer. \u00a0Och m\u00e5nga \u00e4r <a href=\"http:\/\/sverigesradio.se\/sida\/gruppsida.aspx?programid=83&amp;grupp=10974&amp;artikel=5105828\">inte j\u00e4tten\u00f6jda<\/a>.<\/p>\n<p>Nej, och jag kan f\u00f6rst\u00e5 det, men tycker \u00e4nd\u00e5 att jag hanterade kritiken ganska bra.\u00a0<a href=\"http:\/\/tv.handelsbanken.se\/2012\/05\/15\/studio12-15-maj\/\">Kolla sj\u00e4lv h\u00e4r<\/a>, jag \u00e4r med ungef\u00e4r 06.15 in i inslaget.<\/p>\n","protected":false},"excerpt":{"rendered":"<p>F\u00f6r min del gick denna opinionsunders\u00f6kning\u00a0t\u00e4mligen sp\u00e5rl\u00f6st f\u00f6rbi. Men visst f\u00f6rtj\u00e4nar den att uppm\u00e4rksammas, hela 49 procent av svenskarna &#8211; etniskt svenska eller inte &#8211; hyser st\u00f6rsta f\u00f6rtroende f\u00f6r Fredrik Reinfeldt som statsminister. Inte f\u00f6r att jag tvivlade p\u00e5 den saken men 32 procent k\u00e4nner st\u00f6rst f\u00f6rtroende f\u00f6r S-ledaren Stefan L\u00f6fven. Och det \u00e4r inte&hellip;<\/p>\n<p class=\"more-link-p\"><a class=\"more-link\" href=\"https:\/\/www.mariaabrahamsson.nu\/index.php\/2012\/05\/15\/antligen-tv-debut-som-ledamot-av-skatteutskottet\/\">Read more &rarr;<\/a><\/p>\n","protected":false},"author":2,"featured_media":0,"comment_status":"open","ping_status":"open","sticky":false,"template":"","format":"standard","meta":{"footnotes":""},"categories":[1],"tags":[],"class_list":["post-7365","post","type-post","status-publish","format-standard","hentry","category-uncategorized"],"_links":{"self":[{"href":"https:\/\/www.mariaabrahamsson.nu\/index.php\/wp-json\/wp\/v2\/posts\/7365","targetHints":{"allow":["GET"]}}],"collection":[{"href":"https:\/\/www.mariaabrahamsson.nu\/index.php\/wp-json\/wp\/v2\/posts"}],"about":[{"href":"https:\/\/www.mariaabrahamsson.nu\/index.php\/wp-json\/wp\/v2\/types\/post"}],"author":[{"embeddable":true,"href":"https:\/\/www.mariaabrahamsson.nu\/index.php\/wp-json\/wp\/v2\/users\/2"}],"replies":[{"embeddable":true,"href":"https:\/\/www.mariaabrahamsson.nu\/index.php\/wp-json\/wp\/v2\/comments?post=7365"}],"version-history":[{"count":0,"href":"https:\/\/www.mariaabrahamsson.nu\/index.php\/wp-json\/wp\/v2\/posts\/7365\/revisions"}],"wp:attachment":[{"href":"https:\/\/www.mariaabrahamsson.nu\/index.php\/wp-json\/wp\/v2\/media?parent=7365"}],"wp:term":[{"taxonomy":"category","embeddable":true,"href":"https:\/\/www.mariaabrahamsson.nu\/index.php\/wp-json\/wp\/v2\/categories?post=7365"},{"taxonomy":"post_tag","embeddable":true,"href":"https:\/\/www.mariaabrahamsson.nu\/index.php\/wp-json\/wp\/v2\/tags?post=7365"}],"curies":[{"name":"wp","href":"https:\/\/api.w.org\/{rel}","templated":true}]}}