{"id":735,"date":"2009-12-06T21:16:12","date_gmt":"2009-12-06T21:16:12","guid":{"rendered":"http:\/\/www.mariaabrahamsson.nu\/?p=735"},"modified":"2009-12-18T17:12:12","modified_gmt":"2009-12-18T17:12:12","slug":"jag-sager-bara-holmgren-och-lovin","status":"publish","type":"post","link":"https:\/\/www.mariaabrahamsson.nu\/index.php\/2009\/12\/06\/jag-sager-bara-holmgren-och-lovin\/","title":{"rendered":"Jag s\u00e4ger bara Holmgren och L\u00f6vin"},"content":{"rendered":"<p><strong>Det spekuleras <\/strong><a href=\"http:\/\/svt.se\/2.22620\/1.1800177\/de_kan_bli_miljopartiets_nya_sprakror\">vilt<\/a> om \u00a0vilka som ska bli Peter Eriksson och Maria Wetterstrands eftertr\u00e4dare n\u00e4r duon p\u00e5 grund av Milj\u00f6partiets <a href=\"http:\/\/www.svd.se\/nyheter\/politik\/artikel_2239525.svd\">stadgar<\/a> tvingas bort fr\u00e5n spr\u00e5kr\u00f6randet 2011.<\/p>\n<p>I kv\u00e4ll kommer mitt bud. Milj\u00f6partiets n\u00e4sta manliga spr\u00e5kr\u00f6r heter <a href=\"http:\/\/svt.se\/svt\/jsp\/Crosslink.jsp?d=5017\">P\u00e4r Holmgren<\/a>, den forne SVT-meteorologen och klimatsnubben med f\u00f6re detta <a href=\"http:\/\/www.sr.se\/sida\/artikel.aspx?programid=2071&amp;artikel=869869\">rockfrillan<\/a>. Det stod i alla fall klart f\u00f6r mig efter kv\u00e4llens <a href=\"http:\/\/www.svt.se\/2.101877\/agenda\">Agenda<\/a>.<\/p>\n<p><strong>Vem Holmgren kommer <\/strong>att dela spr\u00e5kr\u00f6rsskapet med?\u00a0Milj\u00f6partiets kvinna\u00a0i Europarlamentet, journalisten och f\u00f6rfattaren <a href=\"http:\/\/isabellalovin.com\/\">Isabella L\u00f6vin<\/a>, hyllad i mer \u00e4n vegokretsar f\u00f6r sin bok \u201cTyst hav \u2013 jakten p\u00e5 den sista matfisken\u201d.<\/p>\n<p>S\u00e4llan har jag k\u00e4nt mig s\u00e5 s\u00e4ker p\u00e5 att ha tr\u00e4ffat r\u00e4tt.<\/p>\n","protected":false},"excerpt":{"rendered":"<p>Det spekuleras vilt om \u00a0vilka som ska bli Peter Eriksson och Maria Wetterstrands eftertr\u00e4dare n\u00e4r duon p\u00e5 grund av Milj\u00f6partiets stadgar tvingas bort fr\u00e5n spr\u00e5kr\u00f6randet 2011. I kv\u00e4ll kommer mitt bud. Milj\u00f6partiets n\u00e4sta manliga spr\u00e5kr\u00f6r heter P\u00e4r Holmgren, den forne SVT-meteorologen och klimatsnubben med f\u00f6re detta rockfrillan. Det stod i alla fall klart f\u00f6r mig&hellip;<\/p>\n<p class=\"more-link-p\"><a class=\"more-link\" href=\"https:\/\/www.mariaabrahamsson.nu\/index.php\/2009\/12\/06\/jag-sager-bara-holmgren-och-lovin\/\">Read more &rarr;<\/a><\/p>\n","protected":false},"author":2,"featured_media":0,"comment_status":"closed","ping_status":"open","sticky":false,"template":"","format":"standard","meta":{"footnotes":""},"categories":[1],"tags":[],"class_list":["post-735","post","type-post","status-publish","format-standard","hentry","category-uncategorized"],"_links":{"self":[{"href":"https:\/\/www.mariaabrahamsson.nu\/index.php\/wp-json\/wp\/v2\/posts\/735","targetHints":{"allow":["GET"]}}],"collection":[{"href":"https:\/\/www.mariaabrahamsson.nu\/index.php\/wp-json\/wp\/v2\/posts"}],"about":[{"href":"https:\/\/www.mariaabrahamsson.nu\/index.php\/wp-json\/wp\/v2\/types\/post"}],"author":[{"embeddable":true,"href":"https:\/\/www.mariaabrahamsson.nu\/index.php\/wp-json\/wp\/v2\/users\/2"}],"replies":[{"embeddable":true,"href":"https:\/\/www.mariaabrahamsson.nu\/index.php\/wp-json\/wp\/v2\/comments?post=735"}],"version-history":[{"count":0,"href":"https:\/\/www.mariaabrahamsson.nu\/index.php\/wp-json\/wp\/v2\/posts\/735\/revisions"}],"wp:attachment":[{"href":"https:\/\/www.mariaabrahamsson.nu\/index.php\/wp-json\/wp\/v2\/media?parent=735"}],"wp:term":[{"taxonomy":"category","embeddable":true,"href":"https:\/\/www.mariaabrahamsson.nu\/index.php\/wp-json\/wp\/v2\/categories?post=735"},{"taxonomy":"post_tag","embeddable":true,"href":"https:\/\/www.mariaabrahamsson.nu\/index.php\/wp-json\/wp\/v2\/tags?post=735"}],"curies":[{"name":"wp","href":"https:\/\/api.w.org\/{rel}","templated":true}]}}