{"id":7347,"date":"2012-05-15T16:12:10","date_gmt":"2012-05-15T14:12:10","guid":{"rendered":"http:\/\/www.mariaabrahamsson.nu\/?p=7347"},"modified":"2012-05-15T16:24:13","modified_gmt":"2012-05-15T14:24:13","slug":"utbildning-och-harkomst-ny-data-i-scbs-jobbstatistik","status":"publish","type":"post","link":"https:\/\/www.mariaabrahamsson.nu\/index.php\/2012\/05\/15\/utbildning-och-harkomst-ny-data-i-scbs-jobbstatistik\/","title":{"rendered":"Utbildning och h\u00e4rkomst &#8211; ny data i SCB:s jobbstatistik"},"content":{"rendered":"<p><strong>Har tackat ja till att medverka<\/strong> i Gomorron Sveriges nyhetssoffa 07.15 i morgon bitti. Uppst\u00e5ndelsen har blivit f\u00f6rbluffande stor \u00f6ver Fredrik Reinfeldts uttalande till TT om att &#8221;etniska svenskar mitt i livet&#8221; har mycket l\u00e5g arbetsl\u00f6shet. Detta som svar p\u00e5 Stefan L\u00f6fvens \u00e5terkommande mantra om massarbetsl\u00f6shet. Statsministern f\u00f6rklarar <a href=\"http:\/\/svt.se\/nyheter\/jag-pratar-om-samhallsproblemen-som-de-ser-ut\">h\u00e4r<\/a>\u00a0varf\u00f6r S-ledaren har fel.<\/p>\n<p>Av detta t\u00e4nker SVT g\u00f6ra en spetsig och inte s\u00e5 lite insinuant fr\u00e5ga om det politiska klimatet har f\u00f6rgrovats i och med SD:s int\u00e5g i riksdagen. Jag vill snarast h\u00e4vda motsatsen. Allts\u00e5 att SD:s trista framryckning i rikspolitiken har f\u00f6rt med sig en st\u00f6rre k\u00e4nslighet f\u00f6r ordval och uttalanden som med lite ond vilja kan uppfattas som att n\u00e5gon inte fullt accepterar den f\u00f6rda invandrings- och integrationspolitiken.<\/p>\n<p><strong>L\u00e5t mig ta ett exempel<\/strong>. Om den f\u00f6rre S-ledaren G\u00f6ran Persson i dagens l\u00e4ge hade dillat om &#8221;social turism&#8221; skulle han fr\u00e5n alla h\u00e5ll ha blivit ansatt f\u00f6r att g\u00e5 SD:s \u00e4renden. Men 2004 &#8211; f\u00f6r mindre \u00e4n \u00e5tta \u00e5r sedan &#8211; kunde s\u00e5dant hyggligt lugnt passera, \u00e4ven om det p\u00e5 sina h\u00e5ll muttrades \u00e4ven <a href=\"http:\/\/sverigesradio.se\/sida\/artikel.aspx?programid=83&amp;artikel=389348 \">i partiet<\/a>.\u00a0F\u00f6r mig vittnar utvecklingen om att det politiska klimatet, tv\u00e4rtemot vad som \u00e4r utg\u00e5ngspunkten f\u00f6r samtalet i morgonsoffan, just p\u00e5 grund av SD:s framg\u00e5ngar har blivit mer &#8211; inte mindre &#8211; lyh\u00f6rt f\u00f6r allt som kan tolkas som fr\u00e4mlingsfientligt. Men sj\u00e4lvklart \u00e4r det rent nonsens att tolka Reinfeldts uttalande p\u00e5 det s\u00e4ttet.<\/p>\n<p>I Aftonbladet skriver Lena Mellin om Finanspolitiska r\u00e5dets rapport, som finansminister Anders Borg kommenterade\u00a0<a href=\"http:\/\/www.regeringen.se\/sb\/d\/16160\/a\/192983\">i g\u00e5r<\/a>. Mellin lutar sig tungt mot r\u00e5dets kritik av regeringens insatser mot ungdomsarbetsl\u00f6sheten och listar &#8221;l\u00e5gutbildade, utrikes f\u00f6dda och funkstionsnedsatta&#8221; som &#8221;de verkliga problemgrupperna&#8221;.<\/p>\n<p><strong>Jag l\u00e4gger det p\u00e5<\/strong> minnet och sl\u00e5r nu sj\u00e4lv upp Finanspolitiska r\u00e5dets rapport. P\u00e5 sidan 123 \u00a0l\u00e4ser jag &#8211; ordagrant &#8211; att SCB under 2012 kommer att publicera data f\u00f6r fler grupper bland l\u00e5ngtidsarbetsl\u00f6sa. Bland annat ska utbildningsniv\u00e5 och h\u00e4rkomst ing\u00e5, detta f\u00f6r att m\u00f6jligg\u00f6ra &#8221;mer djuplodande analyser&#8221;. En Zetterberg har redan hunnit analysera \u00e4nnu opublicerad data, l\u00e4ser jag vidare, och datan (finns i figur 5.10) visar att l\u00e5ngtidsarbetsl\u00f6sheten \u00e4r h\u00f6gst bland \u00e4ldre och utrikes f\u00f6dda.<\/p>\n<p>Eller om man s\u00e5 vill: etniska svenskar mitt i livet (25-54 \u00e5r) har mycket l\u00e4gre arbetsl\u00f6shet. Om det konstaterandet skulle vara fr\u00e4mlingsfientligt \u00e4r jag skapt som en <a href=\"http:\/\/sv.wikipedia.org\/wiki\/Nors\">nors<\/a>.<\/p>\n","protected":false},"excerpt":{"rendered":"<p>Har tackat ja till att medverka i Gomorron Sveriges nyhetssoffa 07.15 i morgon bitti. Uppst\u00e5ndelsen har blivit f\u00f6rbluffande stor \u00f6ver Fredrik Reinfeldts uttalande till TT om att &#8221;etniska svenskar mitt i livet&#8221; har mycket l\u00e5g arbetsl\u00f6shet. Detta som svar p\u00e5 Stefan L\u00f6fvens \u00e5terkommande mantra om massarbetsl\u00f6shet. Statsministern f\u00f6rklarar h\u00e4r\u00a0varf\u00f6r S-ledaren har fel. Av detta t\u00e4nker&hellip;<\/p>\n<p class=\"more-link-p\"><a class=\"more-link\" href=\"https:\/\/www.mariaabrahamsson.nu\/index.php\/2012\/05\/15\/utbildning-och-harkomst-ny-data-i-scbs-jobbstatistik\/\">Read more &rarr;<\/a><\/p>\n","protected":false},"author":2,"featured_media":0,"comment_status":"open","ping_status":"open","sticky":false,"template":"","format":"standard","meta":{"footnotes":""},"categories":[1],"tags":[],"class_list":["post-7347","post","type-post","status-publish","format-standard","hentry","category-uncategorized"],"_links":{"self":[{"href":"https:\/\/www.mariaabrahamsson.nu\/index.php\/wp-json\/wp\/v2\/posts\/7347","targetHints":{"allow":["GET"]}}],"collection":[{"href":"https:\/\/www.mariaabrahamsson.nu\/index.php\/wp-json\/wp\/v2\/posts"}],"about":[{"href":"https:\/\/www.mariaabrahamsson.nu\/index.php\/wp-json\/wp\/v2\/types\/post"}],"author":[{"embeddable":true,"href":"https:\/\/www.mariaabrahamsson.nu\/index.php\/wp-json\/wp\/v2\/users\/2"}],"replies":[{"embeddable":true,"href":"https:\/\/www.mariaabrahamsson.nu\/index.php\/wp-json\/wp\/v2\/comments?post=7347"}],"version-history":[{"count":0,"href":"https:\/\/www.mariaabrahamsson.nu\/index.php\/wp-json\/wp\/v2\/posts\/7347\/revisions"}],"wp:attachment":[{"href":"https:\/\/www.mariaabrahamsson.nu\/index.php\/wp-json\/wp\/v2\/media?parent=7347"}],"wp:term":[{"taxonomy":"category","embeddable":true,"href":"https:\/\/www.mariaabrahamsson.nu\/index.php\/wp-json\/wp\/v2\/categories?post=7347"},{"taxonomy":"post_tag","embeddable":true,"href":"https:\/\/www.mariaabrahamsson.nu\/index.php\/wp-json\/wp\/v2\/tags?post=7347"}],"curies":[{"name":"wp","href":"https:\/\/api.w.org\/{rel}","templated":true}]}}