{"id":7323,"date":"2012-05-11T21:26:06","date_gmt":"2012-05-11T19:26:06","guid":{"rendered":"http:\/\/www.mariaabrahamsson.nu\/?p=7323"},"modified":"2012-05-11T21:39:00","modified_gmt":"2012-05-11T19:39:00","slug":"blomsterprakt-pa-lovon-men-fra-ar-fra","status":"publish","type":"post","link":"https:\/\/www.mariaabrahamsson.nu\/index.php\/2012\/05\/11\/blomsterprakt-pa-lovon-men-fra-ar-fra\/","title":{"rendered":"Blomsterprakt p\u00e5 Lov\u00f6n men FRA \u00e4r FRA"},"content":{"rendered":"<p><strong><strong>Jo, det var s\u00e5 sant,<\/strong>\u00a0<\/strong>strax efter lunch bes\u00f6kte partikompisen\u00a0<a href=\"http:\/\/www.youtube.com\/watch?v=pnIX_W2nD1Q\">Karl Sigfrid<\/a>\u00a0\u00a0och jag FRA,\u00a0<a href=\"http:\/\/fra.se\/\">F\u00f6rsvarets Radioanstalt<\/a>. Det var givande p\u00e5 mer \u00e4n ett s\u00e4tt, f\u00f6r Lov\u00f6n visade upp sig i sin mest\u00a0<a href=\"http:\/\/www.youtube.com\/watch?v=uIMBJ7U8pQI\">ljuvliga f\u00f6rsommarskrud<\/a>.\u00a0Och visst exploderade\u00a0gr\u00f6nskan i dag?<\/p>\n<p>Annars har jag v\u00e4l inte haft en b\u00e4ttre mediedag p\u00e5 l\u00e4nge. Eller vad s\u00e4ger pressavdelningen?<\/p>\n<p><strong>F\u00f6rst en kr\u00f6nika om jobbskatteavdragets<\/strong> positiva effekter f\u00f6r landets syssels\u00e4ttning (l\u00e4s m\u00e4nniskor) i\u00a0<a href=\"http:\/\/st.nu\/opinion\/kronikor\/1.4695258-jobbskatteavdraget-ger-jobb\">Sundsvalls Tidning<\/a>. Den finfina kr\u00f6nikan kan ocks\u00e5 l\u00e4sas i min barndoms husorgan\u00a0<a href=\"http:\/\/www.barometern.se\/kronika\/(3266568).gm\">Barometern<\/a>.<\/p>\n<p>Sedan\u00a0en sv\u00e4ng i <a href=\"http:\/\/www.svensktidskrift.se\/?p=43958\">Svensk Tidskrift <\/a>om min kamp\u00a0f\u00f6r att partiet ska vara skyldig att redovisa privatpersoners bidrag. S\u00e5 i eftermiddags en bredsida p\u00e5<a href=\"http:\/\/www.newsmill.se\/artikel\/2012\/05\/11\/fel-av-l-fven-att-kritisera-nuder\"> Newsmill<\/a> mot <a href=\"http:\/\/www.dn.se\/ledare\/signerat\/politikerarvoden-exminister-utan-egen-kompass\">populismen<\/a> i &#8221;Nuder-aff\u00e4ren&#8221;.<\/p>\n<p><strong>Och i morgon f\u00f6rmiddag g\u00e5r t\u00e5get<\/strong> hyfsat tidigt till G\u00e4vle d\u00e4r M-kvinnorna arrangerar seminarium p\u00e5 temat &#8221;V\u00e5ra barn&#8221;. Lugn. Jag \u00e4r inte prim\u00e4rt inbjuden f\u00f6r att tala om barn, men sj\u00e4lvklart har jag skrivit ut ett g\u00e4ng kopior (f\u00f6r utdelning till publiken) av socialf\u00f6rs\u00e4kringsminister Ulf Kristerssons och partisekreterare Kent Perssons <a href=\"http:\/\/www.expressen.se\/debatt\/barnfattigdomen-kraver-nya-grepp\/\">lysande artikel <\/a>om behovet av att bredda barnpolitikdebatten. S\u00e5 det ordnar sig.<\/p>\n","protected":false},"excerpt":{"rendered":"<p>Jo, det var s\u00e5 sant,\u00a0strax efter lunch bes\u00f6kte partikompisen\u00a0Karl Sigfrid\u00a0\u00a0och jag FRA,\u00a0F\u00f6rsvarets Radioanstalt. Det var givande p\u00e5 mer \u00e4n ett s\u00e4tt, f\u00f6r Lov\u00f6n visade upp sig i sin mest\u00a0ljuvliga f\u00f6rsommarskrud.\u00a0Och visst exploderade\u00a0gr\u00f6nskan i dag? Annars har jag v\u00e4l inte haft en b\u00e4ttre mediedag p\u00e5 l\u00e4nge. Eller vad s\u00e4ger pressavdelningen? F\u00f6rst en kr\u00f6nika om jobbskatteavdragets positiva&hellip;<\/p>\n<p class=\"more-link-p\"><a class=\"more-link\" href=\"https:\/\/www.mariaabrahamsson.nu\/index.php\/2012\/05\/11\/blomsterprakt-pa-lovon-men-fra-ar-fra\/\">Read more &rarr;<\/a><\/p>\n","protected":false},"author":2,"featured_media":0,"comment_status":"open","ping_status":"open","sticky":false,"template":"","format":"standard","meta":{"footnotes":""},"categories":[1],"tags":[],"class_list":["post-7323","post","type-post","status-publish","format-standard","hentry","category-uncategorized"],"_links":{"self":[{"href":"https:\/\/www.mariaabrahamsson.nu\/index.php\/wp-json\/wp\/v2\/posts\/7323","targetHints":{"allow":["GET"]}}],"collection":[{"href":"https:\/\/www.mariaabrahamsson.nu\/index.php\/wp-json\/wp\/v2\/posts"}],"about":[{"href":"https:\/\/www.mariaabrahamsson.nu\/index.php\/wp-json\/wp\/v2\/types\/post"}],"author":[{"embeddable":true,"href":"https:\/\/www.mariaabrahamsson.nu\/index.php\/wp-json\/wp\/v2\/users\/2"}],"replies":[{"embeddable":true,"href":"https:\/\/www.mariaabrahamsson.nu\/index.php\/wp-json\/wp\/v2\/comments?post=7323"}],"version-history":[{"count":0,"href":"https:\/\/www.mariaabrahamsson.nu\/index.php\/wp-json\/wp\/v2\/posts\/7323\/revisions"}],"wp:attachment":[{"href":"https:\/\/www.mariaabrahamsson.nu\/index.php\/wp-json\/wp\/v2\/media?parent=7323"}],"wp:term":[{"taxonomy":"category","embeddable":true,"href":"https:\/\/www.mariaabrahamsson.nu\/index.php\/wp-json\/wp\/v2\/categories?post=7323"},{"taxonomy":"post_tag","embeddable":true,"href":"https:\/\/www.mariaabrahamsson.nu\/index.php\/wp-json\/wp\/v2\/tags?post=7323"}],"curies":[{"name":"wp","href":"https:\/\/api.w.org\/{rel}","templated":true}]}}