{"id":7318,"date":"2012-05-10T21:52:05","date_gmt":"2012-05-10T19:52:05","guid":{"rendered":"http:\/\/www.mariaabrahamsson.nu\/?p=7318"},"modified":"2012-05-10T22:41:17","modified_gmt":"2012-05-10T20:41:17","slug":"lena-hallengren-tror-verkligen-att-s-bestammer-over-domstolarna","status":"publish","type":"post","link":"https:\/\/www.mariaabrahamsson.nu\/index.php\/2012\/05\/10\/lena-hallengren-tror-verkligen-att-s-bestammer-over-domstolarna\/","title":{"rendered":"Lena Hallengren tror verkligen att S best\u00e4mmer \u00f6ver domstolarna"},"content":{"rendered":"<p><strong>Larmvarning.<\/strong> I riksdagen behandlas just nu regeringens proposition om <a href=\"http:\/\/www.riksdagen.se\/sv\/Dokument-Lagar\/Forslag\/Propositioner-och-skrivelser\/ndrad-konstillhorighet_GZ03142\/?text=true\">\u00e4ndrad k\u00f6nstillh\u00f6righet<\/a>. Inf\u00f6r det stundande sommaruppeh\u00e5llet &#8221;bereds&#8221; det s\u00e5klart en del andra lagf\u00f6rslag i huset ocks\u00e5.\u00a0Men just i dag har jag hakat upp mig p\u00e5 <a href=\"http:\/\/www.riksdagen.se\/sv\/Dokument-Lagar\/Forslag\/Motioner\/med-anledning-av-prop-201112_GZ02So9\/?text=true\">S-motionen<\/a>\u00a0signerad <a href=\"http:\/\/sv.wikipedia.org\/wiki\/Lena_Hallengren\">Lena Hallengren<\/a>,\u00a0v\u00e4ckt med anledning av regeringens f\u00f6rslag om att m\u00e4nniskor som vill byta k\u00f6n (l\u00e4nken \u00f6verst) inte som hittills ska vara tvungna att sterilisera sig.<\/p>\n<p>Okej, jag ska inte f\u00f6rneka att i min\u00a0<a href=\"http:\/\/www.oppnamoderater.se\/\">hbt-krets<\/a>\u00a0h\u00f6jdes det \u00f6verraskande och glatt p\u00e5 \u00f6gonbrynen n\u00e4r KD i v\u00e5ras till sist\u00a0<a href=\"http:\/\/www.svd.se\/nyheter\/inrikes\/kd-svanger-om-tvangssterilisering_6861747.svd\">gick med p\u00e5<\/a>\u00a0att avskaffa det unkna steriliseringskravet. En stor framg\u00e5ng f\u00f6r allianssamarbetet, \u00e4ven om det denna g\u00e5ng satt l\u00e5ngt inne.<\/p>\n<p><strong>Men nu n\u00e4r <\/strong>alliansregeringen har enats om att den 1 januari 2013 skrota k\u00f6nskastreringslagen fr\u00e5n 1972 som inf\u00f6rdes under en socialdemokratisk regering, borde v\u00e4l Lena Hallengren och hennes parti vara n\u00f6jda? Ja, s\u00e4rskilt som socialdemokraterna sj\u00e4lva inte klarade att avskaffa den sk\u00e4ndliga lagen under alla mandatperioder i regeringsst\u00e4llning.<\/p>\n<p><strong>Icke d\u00e5. Sossarna <\/strong>i <a href=\"http:\/\/www.riksdagen.se\/sv\/Utskott-EU-namnd\/Socialutskottet\/Ledamoter\/\">Socialutskottet<\/a>\u00a0kr\u00e4ver att ber\u00f6rda myndigheter och r\u00e4ttstill\u00e4mpare &#8211; det vill s\u00e4ga myndigheter och domstolar &#8211; ska till\u00e4mpa kommande lag\u00e4ndring &#8221;analogt&#8221; redan fr\u00e5n den 1 juli i \u00e5r, allts\u00e5 ett halv\u00e5r innan lagen b\u00f6rjar g\u00e4lla.<\/p>\n<p>Det tidigare statsr\u00e5det verkar inte begripa att domstolarna enligt grundlagen \u00e4r skyldiga att till\u00e4mpa lagstiftningen som den \u00e4r vid varje givet tillf\u00e4lle. Visst, riksdagen har makt att \u00e4ndra lagen, men s\u00e5 l\u00e4nge den g\u00e4ller s\u00e5 g\u00e4ller den. Det \u00e4r den princip som r\u00e4ttsstaten vilar p\u00e5.<\/p>\n<p><strong>Pinsamt att det beh\u00f6ver s\u00e4gas<\/strong>, men genom sitt motionskrav till regeringens proposition om \u00e4ndrad k\u00f6nstillh\u00f6righet avsl\u00f6jar Lena Hallengren och hennes kolleger i Socialutskottet en djup okunnighet om domstolarnas roll i f\u00f6rh\u00e5llande till riksdagen. Domstolarna ska sj\u00e4lvst\u00e4ndigt till\u00e4mpa de lagar som riksdagen stiftar men ska h\u00f6gaktningsfullt strunta i ett uttalande fr\u00e5n riksdagen om att en lag ska till\u00e4mpas innan den har b\u00f6rjat g\u00e4lla.<\/p>\n","protected":false},"excerpt":{"rendered":"<p>Larmvarning. I riksdagen behandlas just nu regeringens proposition om \u00e4ndrad k\u00f6nstillh\u00f6righet. Inf\u00f6r det stundande sommaruppeh\u00e5llet &#8221;bereds&#8221; det s\u00e5klart en del andra lagf\u00f6rslag i huset ocks\u00e5.\u00a0Men just i dag har jag hakat upp mig p\u00e5 S-motionen\u00a0signerad Lena Hallengren,\u00a0v\u00e4ckt med anledning av regeringens f\u00f6rslag om att m\u00e4nniskor som vill byta k\u00f6n (l\u00e4nken \u00f6verst) inte som hittills ska&hellip;<\/p>\n<p class=\"more-link-p\"><a class=\"more-link\" href=\"https:\/\/www.mariaabrahamsson.nu\/index.php\/2012\/05\/10\/lena-hallengren-tror-verkligen-att-s-bestammer-over-domstolarna\/\">Read more &rarr;<\/a><\/p>\n","protected":false},"author":2,"featured_media":0,"comment_status":"open","ping_status":"open","sticky":false,"template":"","format":"standard","meta":{"footnotes":""},"categories":[1],"tags":[],"class_list":["post-7318","post","type-post","status-publish","format-standard","hentry","category-uncategorized"],"_links":{"self":[{"href":"https:\/\/www.mariaabrahamsson.nu\/index.php\/wp-json\/wp\/v2\/posts\/7318","targetHints":{"allow":["GET"]}}],"collection":[{"href":"https:\/\/www.mariaabrahamsson.nu\/index.php\/wp-json\/wp\/v2\/posts"}],"about":[{"href":"https:\/\/www.mariaabrahamsson.nu\/index.php\/wp-json\/wp\/v2\/types\/post"}],"author":[{"embeddable":true,"href":"https:\/\/www.mariaabrahamsson.nu\/index.php\/wp-json\/wp\/v2\/users\/2"}],"replies":[{"embeddable":true,"href":"https:\/\/www.mariaabrahamsson.nu\/index.php\/wp-json\/wp\/v2\/comments?post=7318"}],"version-history":[{"count":0,"href":"https:\/\/www.mariaabrahamsson.nu\/index.php\/wp-json\/wp\/v2\/posts\/7318\/revisions"}],"wp:attachment":[{"href":"https:\/\/www.mariaabrahamsson.nu\/index.php\/wp-json\/wp\/v2\/media?parent=7318"}],"wp:term":[{"taxonomy":"category","embeddable":true,"href":"https:\/\/www.mariaabrahamsson.nu\/index.php\/wp-json\/wp\/v2\/categories?post=7318"},{"taxonomy":"post_tag","embeddable":true,"href":"https:\/\/www.mariaabrahamsson.nu\/index.php\/wp-json\/wp\/v2\/tags?post=7318"}],"curies":[{"name":"wp","href":"https:\/\/api.w.org\/{rel}","templated":true}]}}