{"id":7306,"date":"2012-05-09T23:32:09","date_gmt":"2012-05-09T21:32:09","guid":{"rendered":"http:\/\/www.mariaabrahamsson.nu\/?p=7306"},"modified":"2012-05-09T23:42:40","modified_gmt":"2012-05-09T21:42:40","slug":"tids-nog-tuggar-jag-veterantarta-i-riksdagen","status":"publish","type":"post","link":"https:\/\/www.mariaabrahamsson.nu\/index.php\/2012\/05\/09\/tids-nog-tuggar-jag-veterantarta-i-riksdagen\/","title":{"rendered":"Tids nog tuggar jag veterant\u00e5rta i riksdagen"},"content":{"rendered":"<p><a href=\"http:\/\/www.mariaabrahamsson.nu\/wp-content\/uploads\/2012\/05\/Veteranfika-utanf\u00f6r-Skatteutskottets-kansli.2.jpeg\"><img loading=\"lazy\" decoding=\"async\" class=\"alignright size-medium wp-image-7309\" title=\"Veteranfika utanf\u00f6r Skatteutskottets kansli.\" src=\"http:\/\/www.mariaabrahamsson.nu\/wp-content\/uploads\/2012\/05\/Veteranfika-utanf\u00f6r-Skatteutskottets-kansli.2-300x223.jpg\" alt=\"\" width=\"300\" height=\"223\" srcset=\"https:\/\/www.mariaabrahamsson.nu\/wp-content\/uploads\/2012\/05\/Veteranfika-utanf\u00f6r-Skatteutskottets-kansli.2-300x223.jpg 300w, https:\/\/www.mariaabrahamsson.nu\/wp-content\/uploads\/2012\/05\/Veteranfika-utanf\u00f6r-Skatteutskottets-kansli.2.jpeg 1024w\" sizes=\"auto, (max-width: 300px) 100vw, 300px\" \/><\/a><strong>Veterankaffe? Nej, jag har inte deltagit i\u00a0<\/strong>den \u00f6vningen tidigare men i f\u00f6rmiddags var det dags och jag infann mig punktligt klockan 10.00 i korridoren utanf\u00f6r Skatteutskottets kansli p\u00e5 plan sex i \u00f6stra riksdagshuset f\u00f6r kaffedrickande och t\u00e5rt\u00e4tande med tidigare utskottsledam\u00f6ter.<\/p>\n<p>P\u00e5 bilden till h\u00f6ger har vi pensionerade moderatkompisarna Carl Erik Hedlund och KG Svensson, framf\u00f6r dem gammelv\u00e4nsterns Per Rosenberg. Alla forna b\u00e4nkn\u00f6tare i Skatteutskottet, samma utskott som jag sedan i h\u00f6stas allts\u00e5 \u00e4r ledamot av.<\/p>\n<p><strong>Vad vi pratade om?<\/strong><\/p>\n<p>Tja, vi gaggade l\u00e4nge och hejvilt om allt fr\u00e5n hur det var i politiken i mitten av 90-talet n\u00e4r vi alla &#8211; om \u00e4n i olika funktioner &#8211; slet hund i riksdagshuset, till hur v\u00e5ra liv sedan dess har snirklat sig fram och var vi befinner oss i dag.<\/p>\n<p><strong>Jo, det \u00e4r klart, n\u00e5gonstans\u00a0<\/strong>d\u00e4remellan avhandlade vi ocks\u00e5 en del skattefr\u00e5gor. Gamlingarna hade vissa synpunkter p\u00e5 dagens skattepolitik, om jag s\u00e4ger s\u00e5 &#8230;<\/p>\n<p>Klockan 16.00 var det dags f\u00f6r sedvanligt lagstiftande i kammaren, vi knapptryckte som vanligt om <a href=\"http:\/\/www.riksdagen.se\/sv\/Start\/Kalendern\/?icalid=65505#65505\">viktiga grejer<\/a>. D\u00e4refter linkade jag p\u00e5 \u00f6mmande vadmuskler (m\u00e5ste bara kunna b\u00f6rja l\u00f6ptr\u00e4na snart igen!) tillbaks till riksdagsrummet f\u00f6r att hinna f\u00e5 i v\u00e4g kr\u00f6nikorna till <a href=\"http:\/\/st.nu\/opinion\">Sundsvalls Tidning<\/a> och <a href=\"http:\/\/www.barometern.se\/ledare\/\">Barometern<\/a> om jobbskatteavdragens positiva effekter.<\/p>\n<p><strong>Jag \u00e5terkommer till det!<\/strong><\/p>\n<p>&nbsp;<\/p>\n","protected":false},"excerpt":{"rendered":"<p>Veterankaffe? Nej, jag har inte deltagit i\u00a0den \u00f6vningen tidigare men i f\u00f6rmiddags var det dags och jag infann mig punktligt klockan 10.00 i korridoren utanf\u00f6r Skatteutskottets kansli p\u00e5 plan sex i \u00f6stra riksdagshuset f\u00f6r kaffedrickande och t\u00e5rt\u00e4tande med tidigare utskottsledam\u00f6ter. P\u00e5 bilden till h\u00f6ger har vi pensionerade moderatkompisarna Carl Erik Hedlund och KG Svensson, framf\u00f6r&hellip;<\/p>\n<p class=\"more-link-p\"><a class=\"more-link\" href=\"https:\/\/www.mariaabrahamsson.nu\/index.php\/2012\/05\/09\/tids-nog-tuggar-jag-veterantarta-i-riksdagen\/\">Read more &rarr;<\/a><\/p>\n","protected":false},"author":2,"featured_media":0,"comment_status":"open","ping_status":"open","sticky":false,"template":"","format":"standard","meta":{"footnotes":""},"categories":[1],"tags":[],"class_list":["post-7306","post","type-post","status-publish","format-standard","hentry","category-uncategorized"],"_links":{"self":[{"href":"https:\/\/www.mariaabrahamsson.nu\/index.php\/wp-json\/wp\/v2\/posts\/7306","targetHints":{"allow":["GET"]}}],"collection":[{"href":"https:\/\/www.mariaabrahamsson.nu\/index.php\/wp-json\/wp\/v2\/posts"}],"about":[{"href":"https:\/\/www.mariaabrahamsson.nu\/index.php\/wp-json\/wp\/v2\/types\/post"}],"author":[{"embeddable":true,"href":"https:\/\/www.mariaabrahamsson.nu\/index.php\/wp-json\/wp\/v2\/users\/2"}],"replies":[{"embeddable":true,"href":"https:\/\/www.mariaabrahamsson.nu\/index.php\/wp-json\/wp\/v2\/comments?post=7306"}],"version-history":[{"count":0,"href":"https:\/\/www.mariaabrahamsson.nu\/index.php\/wp-json\/wp\/v2\/posts\/7306\/revisions"}],"wp:attachment":[{"href":"https:\/\/www.mariaabrahamsson.nu\/index.php\/wp-json\/wp\/v2\/media?parent=7306"}],"wp:term":[{"taxonomy":"category","embeddable":true,"href":"https:\/\/www.mariaabrahamsson.nu\/index.php\/wp-json\/wp\/v2\/categories?post=7306"},{"taxonomy":"post_tag","embeddable":true,"href":"https:\/\/www.mariaabrahamsson.nu\/index.php\/wp-json\/wp\/v2\/tags?post=7306"}],"curies":[{"name":"wp","href":"https:\/\/api.w.org\/{rel}","templated":true}]}}