{"id":7299,"date":"2012-05-06T18:56:57","date_gmt":"2012-05-06T16:56:57","guid":{"rendered":"http:\/\/www.mariaabrahamsson.nu\/?p=7299"},"modified":"2012-05-06T18:58:39","modified_gmt":"2012-05-06T16:58:39","slug":"finfin-draghjalp-av-ekot-infor-kvallens-kraftmatning","status":"publish","type":"post","link":"https:\/\/www.mariaabrahamsson.nu\/index.php\/2012\/05\/06\/finfin-draghjalp-av-ekot-infor-kvallens-kraftmatning\/","title":{"rendered":"Fin draghj\u00e4lp av Ekot inf\u00f6r partiernas kraftm\u00e4tning"},"content":{"rendered":"<p><strong>Denna s\u00f6ndag har<\/strong> Sveriges Radios Ekoredaktion <a href=\"http:\/\/sverigesradio.se\/sida\/artikel.aspx?programid=83&amp;artikel=5095675\">gjort vad man kan<\/a> f\u00f6r att piska upp indignationsv\u00e5gorna mot alliansregeringens satsning p\u00e5 <a href=\"http:\/\/www.arbetsformedlingen.se\/For-arbetsgivare\/Stod-och-service\/Insatser-och-program\/Langtidsarbetslosa\/Nystartsjobb.html\">nystartsjobb<\/a>. Reformen sj\u00f6sattes f\u00f6r att stimulera arbetsgivare att mot halverad arbetsgivareavgift anst\u00e4lla l\u00e5ngtidsarbetsl\u00f6sa, personer som har st\u00e5tt utanf\u00f6r arbetsmarknaden under l\u00e5ng tid, l\u00e4s 12 m\u00e5nader.<\/p>\n<p>Ekots vinkel \u00e4r nu inte att personer som har varit l\u00e5ngtidsarbetsl\u00f6sa i 12 m\u00e5nader tack vare den halverade arbetsgivareavgiften har f\u00e5tt jobb, utan att personer som har varit arbetsl\u00f6sa mindre \u00e4n 12 m\u00e5nader inte har f\u00e5tt jobb!<\/p>\n<p><strong>V\u00e4ntar p\u00e5<\/strong> Ekoinslagen om 17-\u00e5ringar som diskrimineras av alliansregeringen f\u00f6r att de inte f\u00e5r ta k\u00f6rkort. Eller 64-\u00e5ringar som kr\u00e4nks d\u00e4rf\u00f6r att de inte har r\u00e4tt till \u00e5lderspension. Eller en litania om att den som har en m\u00e5nadsl\u00f6n p\u00e5 35 000 kronor m\u00e5ste betala statlig skatt &#8211; vilket \u00e4r or\u00e4ttvist eftersom den som tj\u00e4nar 34 000 kronor slipper!<\/p>\n<p>P\u00e5 tal om det, ingen kan ha missat att i afton m\u00f6ts partiledarna i<a href=\"http:\/\/svt.se\/2.116613\/1.2794349\/partiledardebatten_arets_politiska_klimax\"> SVT Agenda<\/a>. Gissa om Ekots skruvade rapportering om nackdelen med att arbetsgivare anst\u00e4ller l\u00e5ngtidsarbetsl\u00f6sa kom som p\u00e5 best\u00e4llning &#8211; f\u00f6r oppositionsl\u00e4gret!<\/p>\n","protected":false},"excerpt":{"rendered":"<p>Denna s\u00f6ndag har Sveriges Radios Ekoredaktion gjort vad man kan f\u00f6r att piska upp indignationsv\u00e5gorna mot alliansregeringens satsning p\u00e5 nystartsjobb. Reformen sj\u00f6sattes f\u00f6r att stimulera arbetsgivare att mot halverad arbetsgivareavgift anst\u00e4lla l\u00e5ngtidsarbetsl\u00f6sa, personer som har st\u00e5tt utanf\u00f6r arbetsmarknaden under l\u00e5ng tid, l\u00e4s 12 m\u00e5nader. Ekots vinkel \u00e4r nu inte att personer som har varit l\u00e5ngtidsarbetsl\u00f6sa&hellip;<\/p>\n<p class=\"more-link-p\"><a class=\"more-link\" href=\"https:\/\/www.mariaabrahamsson.nu\/index.php\/2012\/05\/06\/finfin-draghjalp-av-ekot-infor-kvallens-kraftmatning\/\">Read more &rarr;<\/a><\/p>\n","protected":false},"author":2,"featured_media":0,"comment_status":"open","ping_status":"open","sticky":false,"template":"","format":"standard","meta":{"footnotes":""},"categories":[1],"tags":[],"class_list":["post-7299","post","type-post","status-publish","format-standard","hentry","category-uncategorized"],"_links":{"self":[{"href":"https:\/\/www.mariaabrahamsson.nu\/index.php\/wp-json\/wp\/v2\/posts\/7299","targetHints":{"allow":["GET"]}}],"collection":[{"href":"https:\/\/www.mariaabrahamsson.nu\/index.php\/wp-json\/wp\/v2\/posts"}],"about":[{"href":"https:\/\/www.mariaabrahamsson.nu\/index.php\/wp-json\/wp\/v2\/types\/post"}],"author":[{"embeddable":true,"href":"https:\/\/www.mariaabrahamsson.nu\/index.php\/wp-json\/wp\/v2\/users\/2"}],"replies":[{"embeddable":true,"href":"https:\/\/www.mariaabrahamsson.nu\/index.php\/wp-json\/wp\/v2\/comments?post=7299"}],"version-history":[{"count":0,"href":"https:\/\/www.mariaabrahamsson.nu\/index.php\/wp-json\/wp\/v2\/posts\/7299\/revisions"}],"wp:attachment":[{"href":"https:\/\/www.mariaabrahamsson.nu\/index.php\/wp-json\/wp\/v2\/media?parent=7299"}],"wp:term":[{"taxonomy":"category","embeddable":true,"href":"https:\/\/www.mariaabrahamsson.nu\/index.php\/wp-json\/wp\/v2\/categories?post=7299"},{"taxonomy":"post_tag","embeddable":true,"href":"https:\/\/www.mariaabrahamsson.nu\/index.php\/wp-json\/wp\/v2\/tags?post=7299"}],"curies":[{"name":"wp","href":"https:\/\/api.w.org\/{rel}","templated":true}]}}