{"id":7291,"date":"2012-05-04T23:16:13","date_gmt":"2012-05-04T21:16:13","guid":{"rendered":"http:\/\/www.mariaabrahamsson.nu\/?p=7291"},"modified":"2012-05-04T23:20:32","modified_gmt":"2012-05-04T21:20:32","slug":"jag-ar-ocksa-nyfiken-pa-nasta-steg-i-familjepolitiken","status":"publish","type":"post","link":"https:\/\/www.mariaabrahamsson.nu\/index.php\/2012\/05\/04\/jag-ar-ocksa-nyfiken-pa-nasta-steg-i-familjepolitiken\/","title":{"rendered":"Jag \u00e4r ocks\u00e5 nyfiken p\u00e5 n\u00e4sta steg i familjepolitiken"},"content":{"rendered":"<p><strong>Panelsamtal om den <\/strong>organiserade brottsligheten i eftermiddags. Som ensam kvinna blir man r\u00e4tt matt bland 5 snubbar. Den i panelsammanhanget som kan g\u00f6ra n\u00e5got \u00e5t saken \u00e4r moderatorn, om <a href=\"http:\/\/www.norstedts.se\/forfattare\/Alfabetiskt\/W\/Lasse-Wierup\/\">han\u00a0<\/a>nu inte v\u00e4ldigt\u00a0mycket gillar att h\u00f6ra sin egen r\u00f6st &#8230;<\/p>\n<p>Men jag fick nog \u00e4nd\u00e5 fram min po\u00e4ng. N\u00e4mligen att jobb \u00e5t dom stora och bra skola \u00e5t dom sm\u00e5 \u00e4r absolut b\u00e4sta garantin mot arbetsl\u00f6shet, utanf\u00f6rskap, missbruk, psykisk oh\u00e4lsa och i f\u00f6rl\u00e4ngningen kriminalitet och organiserad brottslighet.\u00a0Om det sambandet har partikompisarna Ulf Kristersson, socialf\u00f6rs\u00e4kringsminister, och partisekreterare Kent Persson skrivit klokt <a href=\"http:\/\/www.expressen.se\/debatt\/barnfattigdomen-kraver-nya-grepp\/\">h\u00e4r<\/a>. Jag blev verkligen l\u00f6jligt glad \u00f6ver partisekreterarens tummen upp p\u00e5 FB i f\u00f6rmiddags men i kv\u00e4ll n\u00e4r jag kollade var tummen borta, varf\u00f6r? \u00c4r det obekv\u00e4mt att bli gillad av mig?<\/p>\n<p><strong>I morgon l\u00f6rdag v\u00e4ntar<\/strong> <a href=\"http:\/\/www.feministisktforumsthlm.se\/?p=121\">Feministiskt forum<\/a>. Klockan 10:00-11:00, i Sandler, v\u00e5ning 1 (ABF-Huset, Sveav\u00e4gen).<\/p>\n<p>D\u00e4r ska vi diskutera:\u00a0<em>Vad blir n\u00e4sta steg f\u00f6r familjepolitiken? \u00a0<\/em><em>Under v\u00e5ren har riksdagen r\u00f6stat igenom att ensamst\u00e5ende ska ges r\u00e4tt till assisterad befrukt<\/em><em>ning samt att surrogatm\u00f6draskap ska utredas. Vad blir n\u00e4sta familjepolitiska fr\u00e5ga? Vad b\u00f6r\u00a0<\/em><em>g\u00f6ras f\u00f6r att fler ska f\u00e5 m\u00f6jlighet att f\u00e5 bilda en efterl\u00e4ngtad familj? Eller har vi f\u00f6r mycket fokus\u00a0<\/em><em>p\u00e5 ofrivillig barnl\u00f6shet, \u00e4r problemet snarare att samh\u00e4llet idag \u00e4r f\u00f6r barnfokuserat, \u00e4r det til<\/em><em>l\u00e5tet att frivilligt avst\u00e5 f\u00f6r\u00e4ldraskap? \u00a0 \u00a0 \u00a0 \u00a0 \u00a0 \u00a0 \u00a0 \u00a0 \u00a0<\/em><\/p>\n<p><em>Medverkande: Maria Abrahamsson, riksdagsledamot (m), Emma Henriksson, riksdagsleda<\/em><em>mot och familjepolitisk talesperson (kd), Helena Hellstr\u00f6m Gefwert, sammankallande j\u00e4m<\/em><em>st\u00e4lldhetskommitt\u00e9n (mp), Ulrika Westerlund, f\u00f6rbundsordf\u00f6rande RFSL, Tomas Agnemo,\u00a0<\/em><em>chef M\u00e4n f\u00f6r j\u00e4mst\u00e4lldhet. Moderator: Kristina Ljungros, f\u00f6rbundsordf\u00f6rande RFSU.\u00a0<\/em><\/p>\n<p><strong>Sedan tar jag nog helg<\/strong>, tror jag.<\/p>\n","protected":false},"excerpt":{"rendered":"<p>Panelsamtal om den organiserade brottsligheten i eftermiddags. Som ensam kvinna blir man r\u00e4tt matt bland 5 snubbar. Den i panelsammanhanget som kan g\u00f6ra n\u00e5got \u00e5t saken \u00e4r moderatorn, om han\u00a0nu inte v\u00e4ldigt\u00a0mycket gillar att h\u00f6ra sin egen r\u00f6st &#8230; Men jag fick nog \u00e4nd\u00e5 fram min po\u00e4ng. N\u00e4mligen att jobb \u00e5t dom stora och bra&hellip;<\/p>\n<p class=\"more-link-p\"><a class=\"more-link\" href=\"https:\/\/www.mariaabrahamsson.nu\/index.php\/2012\/05\/04\/jag-ar-ocksa-nyfiken-pa-nasta-steg-i-familjepolitiken\/\">Read more &rarr;<\/a><\/p>\n","protected":false},"author":2,"featured_media":0,"comment_status":"open","ping_status":"open","sticky":false,"template":"","format":"standard","meta":{"footnotes":""},"categories":[1],"tags":[],"class_list":["post-7291","post","type-post","status-publish","format-standard","hentry","category-uncategorized"],"_links":{"self":[{"href":"https:\/\/www.mariaabrahamsson.nu\/index.php\/wp-json\/wp\/v2\/posts\/7291","targetHints":{"allow":["GET"]}}],"collection":[{"href":"https:\/\/www.mariaabrahamsson.nu\/index.php\/wp-json\/wp\/v2\/posts"}],"about":[{"href":"https:\/\/www.mariaabrahamsson.nu\/index.php\/wp-json\/wp\/v2\/types\/post"}],"author":[{"embeddable":true,"href":"https:\/\/www.mariaabrahamsson.nu\/index.php\/wp-json\/wp\/v2\/users\/2"}],"replies":[{"embeddable":true,"href":"https:\/\/www.mariaabrahamsson.nu\/index.php\/wp-json\/wp\/v2\/comments?post=7291"}],"version-history":[{"count":0,"href":"https:\/\/www.mariaabrahamsson.nu\/index.php\/wp-json\/wp\/v2\/posts\/7291\/revisions"}],"wp:attachment":[{"href":"https:\/\/www.mariaabrahamsson.nu\/index.php\/wp-json\/wp\/v2\/media?parent=7291"}],"wp:term":[{"taxonomy":"category","embeddable":true,"href":"https:\/\/www.mariaabrahamsson.nu\/index.php\/wp-json\/wp\/v2\/categories?post=7291"},{"taxonomy":"post_tag","embeddable":true,"href":"https:\/\/www.mariaabrahamsson.nu\/index.php\/wp-json\/wp\/v2\/tags?post=7291"}],"curies":[{"name":"wp","href":"https:\/\/api.w.org\/{rel}","templated":true}]}}